{"id":10597,"date":"2024-11-06T23:23:18","date_gmt":"2024-11-06T23:23:18","guid":{"rendered":"https:\/\/taipeirevista.com\/?p=10597"},"modified":"2024-11-07T03:43:23","modified_gmt":"2024-11-07T03:43:23","slug":"resultados-y-perspectivas","status":"publish","type":"post","link":"https:\/\/taipeirevista.com\/index.php\/2024\/11\/06\/resultados-y-perspectivas\/","title":{"rendered":"Resultados y perspectivas"},"content":{"rendered":"\n<p>Mi ingreso f\u00edsico a la universidad fue en 2022. Digo f\u00edsico porque fue la primera vez que pis\u00e9 el edificio de la Facultad de Ciencias Sociales de la UBA de la calle Santiago del Estero, en el barrio de Constituci\u00f3n. Hasta ese momento, mi cursada hab\u00eda sido virtual, atomizada. Apenas conoc\u00eda las voces de compa\u00f1erxs o su imagen mediada por una <em>webcam <\/em>en reuniones por Zoom o Google Meet. Despu\u00e9s de una secundaria movilizada por conflictos como la desaparici\u00f3n de Santiago Maldonado o la puesta en pie del movimiento feminista por el derecho al aborto, sent\u00eda una gran ansiedad por lo que deparar\u00eda la militancia universitaria, un actor social y pol\u00edtico de gran tradici\u00f3n de lucha en este pa\u00eds. Sin embargo, la pandemia pareci\u00f3 un punto de quiebre, no solo en las relaciones entre el estudiantado y la instituci\u00f3n universitaria, entre alumnxs y docentes, sino en la propia composici\u00f3n social, pol\u00edtica y de clase de la facultad: cuando volvimos en 2022, estaba todo planchado. La vida pol\u00edtica y el goce militante que tanto hab\u00edan caracterizado a la UBA y a Sociales en particular parec\u00edan perdidos, aplastados por un individualismo epistemol\u00f3gico y una burocratizaci\u00f3n pol\u00edtica. El rechazo a la militancia universitaria, a los carteles pegados en los pasillos, a las pasadas por curso y a las volanteadas permeaban el sentido com\u00fan de una facultad en donde el pensamiento sobre lo social y lo pol\u00edtico se supone que deb\u00eda ser un elemento constitutivo fundacional de las carreras que la conformaban, desde Sociolog\u00eda y Ciencia Pol\u00edtica, hasta Comunicaci\u00f3n, Trabajo Social y Relaciones del Trabajo.\u00a0<\/p>\n\n\n\n<p>Otro punto de quiebre en la vida universitaria y el movimiento estudiantil es el ataque sistem\u00e1tico y el ensa\u00f1amiento del gobierno con nuestras universidades p\u00fablicas. El veto al presupuesto del Presidente, ratificado por el Congreso de la Naci\u00f3n (<em>Pero las bancas de aquella instituci\u00f3n \/ estaban muy lejos de ser una opci\u00f3n<\/em><sup><a href=\"#nota1\">(1)<\/a><\/sup>), est\u00e1 suscitando una serie de tomas de facultades desde Jujuy hasta Tierra del Fuego, desde el Conurbano bonaerense hasta Mendoza. D\u00e9cadas de desfinanciamiento a la educaci\u00f3n p\u00fablica encuentran su apoteosis en una pol\u00edtica de Estado que, de plano, busca destruir ese canal de movilidad social y esperanza de futuro de generaciones enteras.&nbsp;<\/p>\n\n\n\n<figure class=\"wp-block-gallery has-nested-images columns-default is-cropped wp-block-gallery-1 is-layout-flex wp-block-gallery-is-layout-flex\">\n<figure class=\"wp-block-image size-large\"><img fetchpriority=\"high\" decoding=\"async\" width=\"1024\" height=\"842\" data-id=\"10611\" src=\"https:\/\/taipeirevista.com\/wp-content\/uploads\/2024\/11\/20241025_214620-1-1024x842.jpg\" alt=\"\" class=\"wp-image-10611\" srcset=\"https:\/\/taipeirevista.com\/wp-content\/uploads\/2024\/11\/20241025_214620-1-1024x842.jpg 1024w, https:\/\/taipeirevista.com\/wp-content\/uploads\/2024\/11\/20241025_214620-1-300x247.jpg 300w, https:\/\/taipeirevista.com\/wp-content\/uploads\/2024\/11\/20241025_214620-1-768x631.jpg 768w, https:\/\/taipeirevista.com\/wp-content\/uploads\/2024\/11\/20241025_214620-1-1536x1263.jpg 1536w, https:\/\/taipeirevista.com\/wp-content\/uploads\/2024\/11\/20241025_214620-1-2048x1684.jpg 2048w\" sizes=\"(max-width: 1024px) 100vw, 1024px\" \/><\/figure>\n\n\n\n<figure class=\"wp-block-image size-large\"><img decoding=\"async\" width=\"1024\" height=\"827\" data-id=\"10610\" src=\"https:\/\/taipeirevista.com\/wp-content\/uploads\/2024\/11\/20241025_204705-1-1024x827.jpg\" alt=\"\" class=\"wp-image-10610\" srcset=\"https:\/\/taipeirevista.com\/wp-content\/uploads\/2024\/11\/20241025_204705-1-1024x827.jpg 1024w, https:\/\/taipeirevista.com\/wp-content\/uploads\/2024\/11\/20241025_204705-1-300x242.jpg 300w, https:\/\/taipeirevista.com\/wp-content\/uploads\/2024\/11\/20241025_204705-1-768x620.jpg 768w, https:\/\/taipeirevista.com\/wp-content\/uploads\/2024\/11\/20241025_204705-1-1536x1240.jpg 1536w, https:\/\/taipeirevista.com\/wp-content\/uploads\/2024\/11\/20241025_204705-1-2048x1654.jpg 2048w\" sizes=\"(max-width: 1024px) 100vw, 1024px\" \/><\/figure>\n<figcaption class=\"blocks-gallery-caption wp-element-caption\">Fotos: Santiago Damiani<\/figcaption><\/figure>\n\n\n\n<div style=\"height:10px\" aria-hidden=\"true\" class=\"wp-block-spacer\"><\/div>\n\n\n\n<p>Por primera vez en casi seis a\u00f1os, se vuelve a una oleada de tomas de facultades, quiz\u00e1s como nunca se hab\u00eda visto en la historia argentina: pr\u00e1cticamente cien facultades en todo el pa\u00eds llegaron a estar bajo control estudiantil, con pibxs durmiendo en las aulas y poni\u00e9ndole el cuerpo a la lucha, muchas veces por primera vez en su facultad. Los cantitos en repudio al desfinanciamiento retumban por los pasillos llenando de un movimiento febril y jovial a la lucha en defensa de nuestros espacios de estudio, desde<em> Les cortamos la calle \/ y les tomamos la facultad <\/em>hasta el cl\u00e1sico <em>Universidad de los trabajadores \/ y al que no le gusta, se jode, se jode<\/em>. Porque la toma no es solo una declaraci\u00f3n pol\u00edtica y una actividad simb\u00f3lica, es la proposici\u00f3n de un espacio de encuentro en el que formar a una generaci\u00f3n militante y tender lazos afectivos que permitan la resistencia a un gobierno que no puede concebir que lxs laburantes estudien, que lxs pobres se reciban, que la juventud se organice contra sus postulados reaccionarios y que tomemos en nuestras manos la responsabilidad hist\u00f3rica que tenemos como actor pol\u00edtico.<\/p>\n\n\n\n<p>El viernes 25 de octubre, en el marco de la toma, tres integrantes del colectivo militante Antes Muerto Cine, forjado al calor de la toma de la UNA de 2010, vinieron a proyectar una selecci\u00f3n de sus cortos documentales. Parec\u00eda urgente que el contenido y la forma del cine de Antes Muerto fuera visto en un contexto semejante. La rabia pol\u00edtica que caracteriza al colectivo va siempre de la mano con una fascinaci\u00f3n por el mundo que, como las ciencias sociales, demandan una cr\u00edtica y reflexi\u00f3n imperiosas. <em>Fuego en el mar<\/em>, de Sebasti\u00e1n Zanzottera, corto que inaugur\u00f3 la proyecci\u00f3n, parte de un sue\u00f1o y una imagen pesadillesca: una bola de fuego se incendia en altamar por causa de una fuga de gas en un ducto submarino. Desde ah\u00ed, el director indaga sobre la naturaleza del trabajo, acompa\u00f1ado por unos archivos familiares pertenecientes a su padre, obrero petrolero que muri\u00f3 tempranamente a los 56 a\u00f1os, luego de pasar a\u00f1os alejado de su familia por un trabajo en el que la masculinidad se forja en torno a la idea de sacrificio. Cuestionar esa masculinidad implica cuestionar tambi\u00e9n un modo de producci\u00f3n, reflexiona Zanzottera al conectar la muerte de su padre con la demanda f\u00edsica que exig\u00eda su empleo.&nbsp;<\/p>\n\n\n<div class=\"wp-block-image\">\n<figure class=\"aligncenter size-large is-resized\"><img decoding=\"async\" width=\"1024\" height=\"576\" src=\"https:\/\/taipeirevista.com\/wp-content\/uploads\/2024\/11\/Fuego-en-el-mar-Sebastian-Zanzottera-2022.6-1024x576.png\" alt=\"\" class=\"wp-image-10603\" style=\"width:594px;height:auto\" srcset=\"https:\/\/taipeirevista.com\/wp-content\/uploads\/2024\/11\/Fuego-en-el-mar-Sebastian-Zanzottera-2022.6-1024x576.png 1024w, https:\/\/taipeirevista.com\/wp-content\/uploads\/2024\/11\/Fuego-en-el-mar-Sebastian-Zanzottera-2022.6-300x169.png 300w, https:\/\/taipeirevista.com\/wp-content\/uploads\/2024\/11\/Fuego-en-el-mar-Sebastian-Zanzottera-2022.6-768x432.png 768w, https:\/\/taipeirevista.com\/wp-content\/uploads\/2024\/11\/Fuego-en-el-mar-Sebastian-Zanzottera-2022.6-1536x864.png 1536w, https:\/\/taipeirevista.com\/wp-content\/uploads\/2024\/11\/Fuego-en-el-mar-Sebastian-Zanzottera-2022.6.png 1920w\" sizes=\"(max-width: 1024px) 100vw, 1024px\" \/><figcaption class=\"wp-element-caption\"><em>Fuego en el mar<\/em><\/figcaption><\/figure>\n<\/div>\n\n\n<p>Pero Antes Muerto no es solo fascinaci\u00f3n, tambi\u00e9n es la capacidad de intervenir en el mundo, un modo de operar sobre la forma del cine que manipula los elementos a mano que permiten, ante todo, hacer una alegato pol\u00edtico sobre ese mundo. Lo muestran los dise\u00f1os 3D de las plataformas petroleras hechas por el mismo director, intersectadas por im\u00e1genes de movilizaciones obreras que marcan el car\u00e1cter clasista de la po\u00e9tica antesmuerta, una en la que la ternura y los afectos son transversales a la lucha pol\u00edtica, como bien lo entiende Tatiana Maz\u00fa en <em>La Internacional.<\/em> Ah\u00ed se hace un retrato militante de Sof\u00eda, hermana de la directora, que es tambi\u00e9n retrato familiar, te\u00f1ido por el cari\u00f1o y la rabia que integran las relaciones familiares y pol\u00edticas. Tanto con im\u00e1genes de la lucha obrera de GESTAMP durante el gobierno kirchnerista como con discusiones familiares o filmaciones de archivo de ellas dos de ni\u00f1as, Maz\u00fa marca una intersecci\u00f3n indivisible entre vida y militancia, que va mucho m\u00e1s all\u00e1 de pensar que lo personal es pol\u00edtico: afirma que la vida es colectiva y se forja siempre en di\u00e1logo y consonancia con otrxs.<\/p>\n\n\n\n<p>La dial\u00e9ctica y la yuxtaposici\u00f3n de conceptos, im\u00e1genes e ideas son parte elemental del cine de Antes Muerto, a\u00fan cuando surge de similitudes casuales entre dos elementos. Puede ser un abuso familiar y un conflicto minero en <em>R\u00edo Turbio<\/em>, la intersecci\u00f3n entre una autopista y una avenida y la desaparici\u00f3n de Luciano Arruga en <em>Todo documento de civilizaci\u00f3n<\/em> \u2014ambas de Tatiana Maz\u00fa\u2014, la relaci\u00f3n entre quien arma un celular y quien lo desarma a\u00f1os despu\u00e9s a kil\u00f3metros de distancia en <em>Las ruinas nuevas<\/em>, o un descubrimiento espacial y el apag\u00f3n del ingenio azucarero juje\u00f1o Ledesma durante la \u00faltima dictadura en <em>La primera imagen de Marte<\/em>, ambas de Manuel Embalse. En esta \u00faltima, el director descubre una casualidad ins\u00f3lita: el mismo d\u00eda que se desaparec\u00edan obreros del az\u00facar en Jujuy, el 20 de julio de 1976, se aterrizaba en el planeta rojo para fotografiar su suelo por primera vez. Interviniendo las im\u00e1genes, ti\u00f1\u00e9ndolas de rojo y deform\u00e1ndolas, pero tambien utilizando material de archivo (no como un recurso facilista extendido en el cine de festivales, sino como una forma de recurrir a toda la memoria del mundo, que va desde filmaciones de los cuarteles generales de la NASA durante el aterrizaje a publicidades de la industria juje\u00f1a y tapas de diarios), Embalse traza una historia de casualidades y causalidades de la represi\u00f3n en la provincia del norte, cuando casi cincuenta a\u00f1os despu\u00e9s, en 2023, el gobernador radical Morales tortura y detiene a oscuras, con m\u00e9todos escabrosamente similares a los de La Noche del Apag\u00f3n, a manifestantes que exig\u00edan un mejor salario, apenas un mes antes de que se efect\u00fae la primera transmisi\u00f3n por <em>streaming <\/em>desde Marte.&nbsp;<\/p>\n\n\n\n<figure class=\"wp-block-gallery has-nested-images columns-default is-cropped wp-block-gallery-2 is-layout-flex wp-block-gallery-is-layout-flex\">\n<figure class=\"wp-block-image size-large\"><img loading=\"lazy\" decoding=\"async\" width=\"1024\" height=\"576\" data-id=\"10605\" src=\"https:\/\/taipeirevista.com\/wp-content\/uploads\/2024\/11\/La.internacional.2016.720p.WEB-DL-Camiseta10.Found_.via_.clan-sudamerica.net_.mkv_snapshot_05.52.407-1024x576.png\" alt=\"\" class=\"wp-image-10605\" srcset=\"https:\/\/taipeirevista.com\/wp-content\/uploads\/2024\/11\/La.internacional.2016.720p.WEB-DL-Camiseta10.Found_.via_.clan-sudamerica.net_.mkv_snapshot_05.52.407-1024x576.png 1024w, https:\/\/taipeirevista.com\/wp-content\/uploads\/2024\/11\/La.internacional.2016.720p.WEB-DL-Camiseta10.Found_.via_.clan-sudamerica.net_.mkv_snapshot_05.52.407-300x169.png 300w, https:\/\/taipeirevista.com\/wp-content\/uploads\/2024\/11\/La.internacional.2016.720p.WEB-DL-Camiseta10.Found_.via_.clan-sudamerica.net_.mkv_snapshot_05.52.407-768x432.png 768w, https:\/\/taipeirevista.com\/wp-content\/uploads\/2024\/11\/La.internacional.2016.720p.WEB-DL-Camiseta10.Found_.via_.clan-sudamerica.net_.mkv_snapshot_05.52.407.png 1280w\" sizes=\"(max-width: 1024px) 100vw, 1024px\" \/><\/figure>\n\n\n\n<figure class=\"wp-block-image size-large\"><img loading=\"lazy\" decoding=\"async\" width=\"1024\" height=\"689\" data-id=\"10604\" src=\"https:\/\/taipeirevista.com\/wp-content\/uploads\/2024\/11\/La.internacional.2016.720p.WEB-DL-Camiseta10.Found_.via_.clan-sudamerica.net_.mkv_snapshot_11.25.852-1024x689.png\" alt=\"\" class=\"wp-image-10604\" srcset=\"https:\/\/taipeirevista.com\/wp-content\/uploads\/2024\/11\/La.internacional.2016.720p.WEB-DL-Camiseta10.Found_.via_.clan-sudamerica.net_.mkv_snapshot_11.25.852-1024x689.png 1024w, https:\/\/taipeirevista.com\/wp-content\/uploads\/2024\/11\/La.internacional.2016.720p.WEB-DL-Camiseta10.Found_.via_.clan-sudamerica.net_.mkv_snapshot_11.25.852-300x202.png 300w, https:\/\/taipeirevista.com\/wp-content\/uploads\/2024\/11\/La.internacional.2016.720p.WEB-DL-Camiseta10.Found_.via_.clan-sudamerica.net_.mkv_snapshot_11.25.852-768x517.png 768w, https:\/\/taipeirevista.com\/wp-content\/uploads\/2024\/11\/La.internacional.2016.720p.WEB-DL-Camiseta10.Found_.via_.clan-sudamerica.net_.mkv_snapshot_11.25.852.png 1066w\" sizes=\"(max-width: 1024px) 100vw, 1024px\" \/><\/figure>\n<figcaption class=\"blocks-gallery-caption wp-element-caption\"><em>La Internacional<\/em><\/figcaption><\/figure>\n\n\n\n<div style=\"height:10px\" aria-hidden=\"true\" class=\"wp-block-spacer\"><\/div>\n\n\n\n<p>La dial\u00e9ctica entre pol\u00edtica y naturaleza, entre lo casual y lo causal, se encuentra en la documentaci\u00f3n de una lucha feminista y campesina en M\u00e9xico, que filma Delfina Carlota V\u00e1zquez en <em>\u00bfPuede una monta\u00f1a recordar?<\/em> Un volc\u00e1n como tel\u00f3n de fondo de la ciudad de Puebla parece temblar ante las injusticias: erupcion\u00f3 cuando mataron a Zapata, y tambi\u00e9n cuando asesinaron a un militante popular que se manifestaba contra la construcci\u00f3n de un gasoducto, marcando la relaci\u00f3n intr\u00ednseca entre la poblaci\u00f3n y el volc\u00e1n, que lleva el mismo nombre que una cuarta parte de la poblaci\u00f3n, descendiente de los trabajadores que fueron forzados a extraer el azufre de las entra\u00f1as del Popocat\u00e9petl. La s\u00edntesis del proceso dial\u00e9ctico del corto se da cuando V\u00e1zquez hace estallar el volc\u00e1n en una serie de im\u00e1genes distorsionadas y superpuestas junto con un collage sonoro monumental que va desde sonidos <em>drone<\/em> hasta temblores y<em> glitches, <\/em>que son marca de la casa del despliegue est\u00e9tico de Antes Muerto.<\/p>\n\n\n\n<p>La actividad no se dio en las mejores condiciones. Proyectamos las pel\u00edculas en una pared del comedor de la facultad, cost\u00f3 mucho conectar el sonido correctamente y en un momento hubo que prender las luces para que las chicas del comedor pudieran hacer su trabajo. Sin embargo, la urgencia y la necesidad de compartir estas historias con estudiantes en lucha fue motivo suficiente para que se genere un clima de reflexi\u00f3n en torno a los reenv\u00edos entre cine y pol\u00edtica. Al terminar el programa, lxs compa\u00f1erxs de Antes Muerto mostraron im\u00e1genes de las tomas de la UNA Audiovisuales de 2010 y 2012, y charlaron con nosotrxs sobre su proceso de lucha. Entre estudiantes que pasaron a saludar o se quedaron durante todo el programa&nbsp; se dieron muestras de admiraci\u00f3n por las im\u00e1genes de lucha proyectadas, preguntas por la posibilidad y estrategias para ganar el conflicto, esbozos de solidaridad entre las luchas estudiantiles y por el cine argentino y un di\u00e1logo que tuvo menos de ense\u00f1anza intergeneracional que de ida y vuelta entre m\u00e9todos de resistencia y formas de vivir el afecto y lo colectivo frente a un <em>ethos <\/em>individualizante. Hasta se acercaron estudiantes de la Universidad del Cine a participar del evento mostrando su solidaridad.<\/p>\n\n\n\n<p>La lucha por la defensa de la educaci\u00f3n p\u00fablica sigue en pie. En este contexto, es m\u00e1s preciso que nunca decir, ver y mostrar; envolverse en el polvo del mundo y tomar en las propias manos las reivindicaciones hist\u00f3ricas que nos legaron las luchas pasadas y que forjar\u00e1n las luchas futuras. Si bien el panorama es incierto y el conflicto es complejo y de largo aliento, se gesta una nueva generaci\u00f3n militante capaz de acompa\u00f1ar al conjunto de la poblaci\u00f3n trabajadora, las clases medias, la cultura, la ciencia, la salud y los sectores populares a dar un gran salto adelante en defensa de lo que les pertenece. Cuando no se puede optar entre vencer o morir, es necesario vencer.<\/p>\n\n\n\n<div style=\"height:10px\" aria-hidden=\"true\" class=\"wp-block-spacer\"><\/div>\n\n\n\n<p class=\"has-text-align-center\">Viva la educaci\u00f3n p\u00fablica<\/p>\n\n\n\n<p class=\"has-text-align-center\">Viva la Reforma del 18<\/p>\n\n\n\n<p class=\"has-text-align-center\">Viva el Cordobazo<\/p>\n\n\n\n<p class=\"has-text-align-center\">Ni un paso atr\u00e1s<\/p>\n\n\n<div class=\"wp-block-image\">\n<figure class=\"aligncenter size-large is-resized\"><img loading=\"lazy\" decoding=\"async\" width=\"1024\" height=\"576\" src=\"https:\/\/taipeirevista.com\/wp-content\/uploads\/2024\/11\/las-ruinas-nuevas-5-1024x576.png\" alt=\"\" class=\"wp-image-10606\" style=\"width:597px;height:auto\" srcset=\"https:\/\/taipeirevista.com\/wp-content\/uploads\/2024\/11\/las-ruinas-nuevas-5-1024x576.png 1024w, https:\/\/taipeirevista.com\/wp-content\/uploads\/2024\/11\/las-ruinas-nuevas-5-300x169.png 300w, https:\/\/taipeirevista.com\/wp-content\/uploads\/2024\/11\/las-ruinas-nuevas-5-768x432.png 768w, https:\/\/taipeirevista.com\/wp-content\/uploads\/2024\/11\/las-ruinas-nuevas-5-1536x864.png 1536w, https:\/\/taipeirevista.com\/wp-content\/uploads\/2024\/11\/las-ruinas-nuevas-5.png 1920w\" sizes=\"(max-width: 1024px) 100vw, 1024px\" \/><figcaption class=\"wp-element-caption\"><em>Las ruinas nuevas<\/em><\/figcaption><\/figure>\n<\/div>\n\n\n<div style=\"height:15px\" aria-hidden=\"true\" class=\"wp-block-spacer\"><\/div>\n\n\n\n<hr class=\"wp-block-separator has-alpha-channel-opacity\"\/>\n\n\n\n<p class=\"has-small-font-size\"><strong>Notas<\/strong><\/p>\n\n\n\n<p class=\"has-small-font-size\"><strong>1<\/strong>&nbsp;&nbsp;\u201cCongreso\u201d, Eterna Inocencia.<\/p>\n","protected":false},"excerpt":{"rendered":"<p>Por primera vez en casi seis a\u00f1os, se vuelve a una oleada de tomas de facultades, quiz\u00e1s como nunca se hab\u00eda visto en la historia argentina: pr\u00e1cticamente cien facultades en todo el pa\u00eds llegaron a estar bajo control estudiantil, con pibxs durmiendo en las aulas y poni\u00e9ndole el cuerpo a la lucha, muchas veces por primera vez en su facultad. Los cantitos en repudio al desfinanciamiento retumban por los pasillos llenando de un movimiento febril y jovial a la lucha en defensa de nuestros espacios de estudio, desde &#8220;Les cortamos la calle \/ y les tomamos la facultad&#8221; hasta el cl\u00e1sico &#8220;Universidad de los trabajadores \/ y al que no le gusta, se jode, se jode&#8221;(&#8230;)<\/p>\n","protected":false},"author":32,"featured_media":10607,"comment_status":"open","ping_status":"closed","sticky":false,"template":"","format":"standard","meta":{"_acf_changed":false,"_jetpack_memberships_contains_paid_content":false,"footnotes":""},"categories":[10],"tags":[132,171,613,58,19,114,1566,616,617,1483],"class_list":{"0":"post-10597","1":"post","2":"type-post","3":"status-publish","4":"format-standard","5":"has-post-thumbnail","7":"category-cine-expandido","8":"tag-2010s","9":"tag-2020s","10":"tag-antes-muerto-cine","11":"tag-cine-argentino","12":"tag-cine-documental","13":"tag-cine-y-politica","14":"tag-delfina-carlota-vazquez","15":"tag-manuel-embalse","16":"tag-sebastian-zanzottera","17":"tag-tatiana-mazu"},"acf":[],"yoast_head":"<!-- This site is optimized with the Yoast SEO plugin v27.5 - https:\/\/yoast.com\/product\/yoast-seo-wordpress\/ -->\n<title>Resultados y perspectivas - TAIPEI<\/title>\n<meta name=\"robots\" content=\"index, follow, max-snippet:-1, max-image-preview:large, max-video-preview:-1\" \/>\n<link rel=\"canonical\" href=\"https:\/\/taipeirevista.com\/index.php\/2024\/11\/06\/resultados-y-perspectivas\/\" \/>\n<meta property=\"og:locale\" content=\"es_ES\" \/>\n<meta property=\"og:type\" content=\"article\" \/>\n<meta property=\"og:title\" content=\"Resultados y perspectivas - TAIPEI\" \/>\n<meta property=\"og:description\" content=\"Por primera vez en casi seis a\u00f1os, se vuelve a una oleada de tomas de facultades, quiz\u00e1s como nunca se hab\u00eda visto en la historia argentina: pr\u00e1cticamente cien facultades en todo el pa\u00eds llegaron a estar bajo control estudiantil, con pibxs durmiendo en las aulas y poni\u00e9ndole el cuerpo a la lucha, muchas veces por primera vez en su facultad. Los cantitos en repudio al desfinanciamiento retumban por los pasillos llenando de un movimiento febril y jovial a la lucha en defensa de nuestros espacios de estudio, desde &quot;Les cortamos la calle \/ y les tomamos la facultad&quot; hasta el cl\u00e1sico &quot;Universidad de los trabajadores \/ y al que no le gusta, se jode, se jode&quot;(...)\" \/>\n<meta property=\"og:url\" content=\"https:\/\/taipeirevista.com\/index.php\/2024\/11\/06\/resultados-y-perspectivas\/\" \/>\n<meta property=\"og:site_name\" content=\"TAIPEI\" \/>\n<meta property=\"article:publisher\" content=\"https:\/\/www.facebook.com\/revistataipei\" \/>\n<meta property=\"article:published_time\" content=\"2024-11-06T23:23:18+00:00\" \/>\n<meta property=\"article:modified_time\" content=\"2024-11-07T03:43:23+00:00\" \/>\n<meta property=\"og:image\" content=\"https:\/\/taipeirevista.com\/wp-content\/uploads\/2024\/11\/rio-turbio-4.png\" \/>\n\t<meta property=\"og:image:width\" content=\"1920\" \/>\n\t<meta property=\"og:image:height\" content=\"1080\" \/>\n\t<meta property=\"og:image:type\" content=\"image\/png\" \/>\n<meta name=\"author\" content=\"Celeste Damiani\" \/>\n<meta name=\"twitter:card\" content=\"summary_large_image\" \/>\n<meta name=\"twitter:creator\" content=\"@taipeicritica\" \/>\n<meta name=\"twitter:site\" content=\"@taipeicritica\" \/>\n<meta name=\"twitter:label1\" content=\"Escrito por\" \/>\n\t<meta name=\"twitter:data1\" content=\"Celeste Damiani\" \/>\n\t<meta name=\"twitter:label2\" content=\"Tiempo de lectura\" \/>\n\t<meta name=\"twitter:data2\" content=\"10 minutos\" \/>\n<script type=\"application\/ld+json\" class=\"yoast-schema-graph\">{\"@context\":\"https:\\\/\\\/schema.org\",\"@graph\":[{\"@type\":\"Article\",\"@id\":\"https:\\\/\\\/taipeirevista.com\\\/index.php\\\/2024\\\/11\\\/06\\\/resultados-y-perspectivas\\\/#article\",\"isPartOf\":{\"@id\":\"https:\\\/\\\/taipeirevista.com\\\/index.php\\\/2024\\\/11\\\/06\\\/resultados-y-perspectivas\\\/\"},\"author\":{\"name\":\"Celeste Damiani\",\"@id\":\"https:\\\/\\\/taipeirevista.com\\\/#\\\/schema\\\/person\\\/1dc7fdcceaf406200f1ce6ebacbc60bb\"},\"headline\":\"Resultados y perspectivas\",\"datePublished\":\"2024-11-06T23:23:18+00:00\",\"dateModified\":\"2024-11-07T03:43:23+00:00\",\"mainEntityOfPage\":{\"@id\":\"https:\\\/\\\/taipeirevista.com\\\/index.php\\\/2024\\\/11\\\/06\\\/resultados-y-perspectivas\\\/\"},\"wordCount\":1900,\"commentCount\":0,\"publisher\":{\"@id\":\"https:\\\/\\\/taipeirevista.com\\\/#organization\"},\"image\":{\"@id\":\"https:\\\/\\\/taipeirevista.com\\\/index.php\\\/2024\\\/11\\\/06\\\/resultados-y-perspectivas\\\/#primaryimage\"},\"thumbnailUrl\":\"https:\\\/\\\/taipeirevista.com\\\/wp-content\\\/uploads\\\/2024\\\/11\\\/rio-turbio-4.png\",\"keywords\":[\"2010s\",\"2020s\",\"Antes Muerto Cine\",\"Cine argentino\",\"Cine documental\",\"Cine y pol\u00edtica\",\"Delfina Carlota V\u00e1zquez\",\"Manuel Embalse\",\"Sebasti\u00e1n Zanzottera\",\"Tatiana Maz\u00fa\"],\"articleSection\":[\"Cine expandido\"],\"inLanguage\":\"es-AR\",\"potentialAction\":[{\"@type\":\"CommentAction\",\"name\":\"Comment\",\"target\":[\"https:\\\/\\\/taipeirevista.com\\\/index.php\\\/2024\\\/11\\\/06\\\/resultados-y-perspectivas\\\/#respond\"]}]},{\"@type\":\"WebPage\",\"@id\":\"https:\\\/\\\/taipeirevista.com\\\/index.php\\\/2024\\\/11\\\/06\\\/resultados-y-perspectivas\\\/\",\"url\":\"https:\\\/\\\/taipeirevista.com\\\/index.php\\\/2024\\\/11\\\/06\\\/resultados-y-perspectivas\\\/\",\"name\":\"Resultados y perspectivas - TAIPEI\",\"isPartOf\":{\"@id\":\"https:\\\/\\\/taipeirevista.com\\\/#website\"},\"primaryImageOfPage\":{\"@id\":\"https:\\\/\\\/taipeirevista.com\\\/index.php\\\/2024\\\/11\\\/06\\\/resultados-y-perspectivas\\\/#primaryimage\"},\"image\":{\"@id\":\"https:\\\/\\\/taipeirevista.com\\\/index.php\\\/2024\\\/11\\\/06\\\/resultados-y-perspectivas\\\/#primaryimage\"},\"thumbnailUrl\":\"https:\\\/\\\/taipeirevista.com\\\/wp-content\\\/uploads\\\/2024\\\/11\\\/rio-turbio-4.png\",\"datePublished\":\"2024-11-06T23:23:18+00:00\",\"dateModified\":\"2024-11-07T03:43:23+00:00\",\"breadcrumb\":{\"@id\":\"https:\\\/\\\/taipeirevista.com\\\/index.php\\\/2024\\\/11\\\/06\\\/resultados-y-perspectivas\\\/#breadcrumb\"},\"inLanguage\":\"es-AR\",\"potentialAction\":[{\"@type\":\"ReadAction\",\"target\":[\"https:\\\/\\\/taipeirevista.com\\\/index.php\\\/2024\\\/11\\\/06\\\/resultados-y-perspectivas\\\/\"]}]},{\"@type\":\"ImageObject\",\"inLanguage\":\"es-AR\",\"@id\":\"https:\\\/\\\/taipeirevista.com\\\/index.php\\\/2024\\\/11\\\/06\\\/resultados-y-perspectivas\\\/#primaryimage\",\"url\":\"https:\\\/\\\/taipeirevista.com\\\/wp-content\\\/uploads\\\/2024\\\/11\\\/rio-turbio-4.png\",\"contentUrl\":\"https:\\\/\\\/taipeirevista.com\\\/wp-content\\\/uploads\\\/2024\\\/11\\\/rio-turbio-4.png\",\"width\":1920,\"height\":1080},{\"@type\":\"BreadcrumbList\",\"@id\":\"https:\\\/\\\/taipeirevista.com\\\/index.php\\\/2024\\\/11\\\/06\\\/resultados-y-perspectivas\\\/#breadcrumb\",\"itemListElement\":[{\"@type\":\"ListItem\",\"position\":1,\"name\":\"Inicio\",\"item\":\"https:\\\/\\\/taipeirevista.com\\\/\"},{\"@type\":\"ListItem\",\"position\":2,\"name\":\"Resultados y perspectivas\"}]},{\"@type\":\"WebSite\",\"@id\":\"https:\\\/\\\/taipeirevista.com\\\/#website\",\"url\":\"https:\\\/\\\/taipeirevista.com\\\/\",\"name\":\"TAIPEI\",\"description\":\"Cr\u00edtica de cine\",\"publisher\":{\"@id\":\"https:\\\/\\\/taipeirevista.com\\\/#organization\"},\"potentialAction\":[{\"@type\":\"SearchAction\",\"target\":{\"@type\":\"EntryPoint\",\"urlTemplate\":\"https:\\\/\\\/taipeirevista.com\\\/?s={search_term_string}\"},\"query-input\":{\"@type\":\"PropertyValueSpecification\",\"valueRequired\":true,\"valueName\":\"search_term_string\"}}],\"inLanguage\":\"es-AR\"},{\"@type\":\"Organization\",\"@id\":\"https:\\\/\\\/taipeirevista.com\\\/#organization\",\"name\":\"Taipei \\\/ Cr\u00edtica de cine\",\"url\":\"https:\\\/\\\/taipeirevista.com\\\/\",\"logo\":{\"@type\":\"ImageObject\",\"inLanguage\":\"es-AR\",\"@id\":\"https:\\\/\\\/taipeirevista.com\\\/#\\\/schema\\\/logo\\\/image\\\/\",\"url\":\"https:\\\/\\\/taipeirevista.com\\\/wp-content\\\/uploads\\\/2022\\\/08\\\/TAIPEI-LOGO-1.1-SIN-GRIS.png\",\"contentUrl\":\"https:\\\/\\\/taipeirevista.com\\\/wp-content\\\/uploads\\\/2022\\\/08\\\/TAIPEI-LOGO-1.1-SIN-GRIS.png\",\"width\":599,\"height\":599,\"caption\":\"Taipei \\\/ Cr\u00edtica de cine\"},\"image\":{\"@id\":\"https:\\\/\\\/taipeirevista.com\\\/#\\\/schema\\\/logo\\\/image\\\/\"},\"sameAs\":[\"https:\\\/\\\/www.facebook.com\\\/revistataipei\",\"https:\\\/\\\/x.com\\\/taipeicritica\",\"https:\\\/\\\/www.instagram.com\\\/taipeicritica\\\/\"]},{\"@type\":\"Person\",\"@id\":\"https:\\\/\\\/taipeirevista.com\\\/#\\\/schema\\\/person\\\/1dc7fdcceaf406200f1ce6ebacbc60bb\",\"name\":\"Celeste Damiani\",\"image\":{\"@type\":\"ImageObject\",\"inLanguage\":\"es-AR\",\"@id\":\"https:\\\/\\\/secure.gravatar.com\\\/avatar\\\/c6058e84d0dde31012959a96baddba5d12ce4f8c5bbc442619d2d21fc2b8f0f1?s=96&d=mm&r=g\",\"url\":\"https:\\\/\\\/secure.gravatar.com\\\/avatar\\\/c6058e84d0dde31012959a96baddba5d12ce4f8c5bbc442619d2d21fc2b8f0f1?s=96&d=mm&r=g\",\"contentUrl\":\"https:\\\/\\\/secure.gravatar.com\\\/avatar\\\/c6058e84d0dde31012959a96baddba5d12ce4f8c5bbc442619d2d21fc2b8f0f1?s=96&d=mm&r=g\",\"caption\":\"Celeste Damiani\"},\"description\":\"Naci\u00f3 en Buenos Aires en el a\u00f1o 2000. Estudia la Licenciatura en Sociolog\u00eda en la Universidad de Buenos Aires. Colabor\u00f3 con cr\u00edticas para medios como Taipei o Izquierda Web, y para los fanzines del 18\u00b0 Festival Internacional de Cine Independiente de La Plata FestiFreak. Coedita la revista En otro orden.\",\"url\":\"https:\\\/\\\/taipeirevista.com\\\/index.php\\\/author\\\/santiago-damiani\\\/\"}]}<\/script>\n<!-- \/ Yoast SEO plugin. -->","yoast_head_json":{"title":"Resultados y perspectivas - TAIPEI","robots":{"index":"index","follow":"follow","max-snippet":"max-snippet:-1","max-image-preview":"max-image-preview:large","max-video-preview":"max-video-preview:-1"},"canonical":"https:\/\/taipeirevista.com\/index.php\/2024\/11\/06\/resultados-y-perspectivas\/","og_locale":"es_ES","og_type":"article","og_title":"Resultados y perspectivas - TAIPEI","og_description":"Por primera vez en casi seis a\u00f1os, se vuelve a una oleada de tomas de facultades, quiz\u00e1s como nunca se hab\u00eda visto en la historia argentina: pr\u00e1cticamente cien facultades en todo el pa\u00eds llegaron a estar bajo control estudiantil, con pibxs durmiendo en las aulas y poni\u00e9ndole el cuerpo a la lucha, muchas veces por primera vez en su facultad. Los cantitos en repudio al desfinanciamiento retumban por los pasillos llenando de un movimiento febril y jovial a la lucha en defensa de nuestros espacios de estudio, desde \"Les cortamos la calle \/ y les tomamos la facultad\" hasta el cl\u00e1sico \"Universidad de los trabajadores \/ y al que no le gusta, se jode, se jode\"(...)","og_url":"https:\/\/taipeirevista.com\/index.php\/2024\/11\/06\/resultados-y-perspectivas\/","og_site_name":"TAIPEI","article_publisher":"https:\/\/www.facebook.com\/revistataipei","article_published_time":"2024-11-06T23:23:18+00:00","article_modified_time":"2024-11-07T03:43:23+00:00","og_image":[{"width":1920,"height":1080,"url":"https:\/\/taipeirevista.com\/wp-content\/uploads\/2024\/11\/rio-turbio-4.png","type":"image\/png"}],"author":"Celeste Damiani","twitter_card":"summary_large_image","twitter_creator":"@taipeicritica","twitter_site":"@taipeicritica","twitter_misc":{"Escrito por":"Celeste Damiani","Tiempo de lectura":"10 minutos"},"schema":{"@context":"https:\/\/schema.org","@graph":[{"@type":"Article","@id":"https:\/\/taipeirevista.com\/index.php\/2024\/11\/06\/resultados-y-perspectivas\/#article","isPartOf":{"@id":"https:\/\/taipeirevista.com\/index.php\/2024\/11\/06\/resultados-y-perspectivas\/"},"author":{"name":"Celeste Damiani","@id":"https:\/\/taipeirevista.com\/#\/schema\/person\/1dc7fdcceaf406200f1ce6ebacbc60bb"},"headline":"Resultados y perspectivas","datePublished":"2024-11-06T23:23:18+00:00","dateModified":"2024-11-07T03:43:23+00:00","mainEntityOfPage":{"@id":"https:\/\/taipeirevista.com\/index.php\/2024\/11\/06\/resultados-y-perspectivas\/"},"wordCount":1900,"commentCount":0,"publisher":{"@id":"https:\/\/taipeirevista.com\/#organization"},"image":{"@id":"https:\/\/taipeirevista.com\/index.php\/2024\/11\/06\/resultados-y-perspectivas\/#primaryimage"},"thumbnailUrl":"https:\/\/taipeirevista.com\/wp-content\/uploads\/2024\/11\/rio-turbio-4.png","keywords":["2010s","2020s","Antes Muerto Cine","Cine argentino","Cine documental","Cine y pol\u00edtica","Delfina Carlota V\u00e1zquez","Manuel Embalse","Sebasti\u00e1n Zanzottera","Tatiana Maz\u00fa"],"articleSection":["Cine expandido"],"inLanguage":"es-AR","potentialAction":[{"@type":"CommentAction","name":"Comment","target":["https:\/\/taipeirevista.com\/index.php\/2024\/11\/06\/resultados-y-perspectivas\/#respond"]}]},{"@type":"WebPage","@id":"https:\/\/taipeirevista.com\/index.php\/2024\/11\/06\/resultados-y-perspectivas\/","url":"https:\/\/taipeirevista.com\/index.php\/2024\/11\/06\/resultados-y-perspectivas\/","name":"Resultados y perspectivas - TAIPEI","isPartOf":{"@id":"https:\/\/taipeirevista.com\/#website"},"primaryImageOfPage":{"@id":"https:\/\/taipeirevista.com\/index.php\/2024\/11\/06\/resultados-y-perspectivas\/#primaryimage"},"image":{"@id":"https:\/\/taipeirevista.com\/index.php\/2024\/11\/06\/resultados-y-perspectivas\/#primaryimage"},"thumbnailUrl":"https:\/\/taipeirevista.com\/wp-content\/uploads\/2024\/11\/rio-turbio-4.png","datePublished":"2024-11-06T23:23:18+00:00","dateModified":"2024-11-07T03:43:23+00:00","breadcrumb":{"@id":"https:\/\/taipeirevista.com\/index.php\/2024\/11\/06\/resultados-y-perspectivas\/#breadcrumb"},"inLanguage":"es-AR","potentialAction":[{"@type":"ReadAction","target":["https:\/\/taipeirevista.com\/index.php\/2024\/11\/06\/resultados-y-perspectivas\/"]}]},{"@type":"ImageObject","inLanguage":"es-AR","@id":"https:\/\/taipeirevista.com\/index.php\/2024\/11\/06\/resultados-y-perspectivas\/#primaryimage","url":"https:\/\/taipeirevista.com\/wp-content\/uploads\/2024\/11\/rio-turbio-4.png","contentUrl":"https:\/\/taipeirevista.com\/wp-content\/uploads\/2024\/11\/rio-turbio-4.png","width":1920,"height":1080},{"@type":"BreadcrumbList","@id":"https:\/\/taipeirevista.com\/index.php\/2024\/11\/06\/resultados-y-perspectivas\/#breadcrumb","itemListElement":[{"@type":"ListItem","position":1,"name":"Inicio","item":"https:\/\/taipeirevista.com\/"},{"@type":"ListItem","position":2,"name":"Resultados y perspectivas"}]},{"@type":"WebSite","@id":"https:\/\/taipeirevista.com\/#website","url":"https:\/\/taipeirevista.com\/","name":"TAIPEI","description":"Cr\u00edtica de cine","publisher":{"@id":"https:\/\/taipeirevista.com\/#organization"},"potentialAction":[{"@type":"SearchAction","target":{"@type":"EntryPoint","urlTemplate":"https:\/\/taipeirevista.com\/?s={search_term_string}"},"query-input":{"@type":"PropertyValueSpecification","valueRequired":true,"valueName":"search_term_string"}}],"inLanguage":"es-AR"},{"@type":"Organization","@id":"https:\/\/taipeirevista.com\/#organization","name":"Taipei \/ Cr\u00edtica de cine","url":"https:\/\/taipeirevista.com\/","logo":{"@type":"ImageObject","inLanguage":"es-AR","@id":"https:\/\/taipeirevista.com\/#\/schema\/logo\/image\/","url":"https:\/\/taipeirevista.com\/wp-content\/uploads\/2022\/08\/TAIPEI-LOGO-1.1-SIN-GRIS.png","contentUrl":"https:\/\/taipeirevista.com\/wp-content\/uploads\/2022\/08\/TAIPEI-LOGO-1.1-SIN-GRIS.png","width":599,"height":599,"caption":"Taipei \/ Cr\u00edtica de cine"},"image":{"@id":"https:\/\/taipeirevista.com\/#\/schema\/logo\/image\/"},"sameAs":["https:\/\/www.facebook.com\/revistataipei","https:\/\/x.com\/taipeicritica","https:\/\/www.instagram.com\/taipeicritica\/"]},{"@type":"Person","@id":"https:\/\/taipeirevista.com\/#\/schema\/person\/1dc7fdcceaf406200f1ce6ebacbc60bb","name":"Celeste Damiani","image":{"@type":"ImageObject","inLanguage":"es-AR","@id":"https:\/\/secure.gravatar.com\/avatar\/c6058e84d0dde31012959a96baddba5d12ce4f8c5bbc442619d2d21fc2b8f0f1?s=96&d=mm&r=g","url":"https:\/\/secure.gravatar.com\/avatar\/c6058e84d0dde31012959a96baddba5d12ce4f8c5bbc442619d2d21fc2b8f0f1?s=96&d=mm&r=g","contentUrl":"https:\/\/secure.gravatar.com\/avatar\/c6058e84d0dde31012959a96baddba5d12ce4f8c5bbc442619d2d21fc2b8f0f1?s=96&d=mm&r=g","caption":"Celeste Damiani"},"description":"Naci\u00f3 en Buenos Aires en el a\u00f1o 2000. Estudia la Licenciatura en Sociolog\u00eda en la Universidad de Buenos Aires. Colabor\u00f3 con cr\u00edticas para medios como Taipei o Izquierda Web, y para los fanzines del 18\u00b0 Festival Internacional de Cine Independiente de La Plata FestiFreak. Coedita la revista En otro orden.","url":"https:\/\/taipeirevista.com\/index.php\/author\/santiago-damiani\/"}]}},"jetpack_featured_media_url":"https:\/\/taipeirevista.com\/wp-content\/uploads\/2024\/11\/rio-turbio-4.png","jetpack_sharing_enabled":true,"_links":{"self":[{"href":"https:\/\/taipeirevista.com\/index.php\/wp-json\/wp\/v2\/posts\/10597","targetHints":{"allow":["GET"]}}],"collection":[{"href":"https:\/\/taipeirevista.com\/index.php\/wp-json\/wp\/v2\/posts"}],"about":[{"href":"https:\/\/taipeirevista.com\/index.php\/wp-json\/wp\/v2\/types\/post"}],"author":[{"embeddable":true,"href":"https:\/\/taipeirevista.com\/index.php\/wp-json\/wp\/v2\/users\/32"}],"replies":[{"embeddable":true,"href":"https:\/\/taipeirevista.com\/index.php\/wp-json\/wp\/v2\/comments?post=10597"}],"version-history":[{"count":6,"href":"https:\/\/taipeirevista.com\/index.php\/wp-json\/wp\/v2\/posts\/10597\/revisions"}],"predecessor-version":[{"id":10616,"href":"https:\/\/taipeirevista.com\/index.php\/wp-json\/wp\/v2\/posts\/10597\/revisions\/10616"}],"wp:featuredmedia":[{"embeddable":true,"href":"https:\/\/taipeirevista.com\/index.php\/wp-json\/wp\/v2\/media\/10607"}],"wp:attachment":[{"href":"https:\/\/taipeirevista.com\/index.php\/wp-json\/wp\/v2\/media?parent=10597"}],"wp:term":[{"taxonomy":"category","embeddable":true,"href":"https:\/\/taipeirevista.com\/index.php\/wp-json\/wp\/v2\/categories?post=10597"},{"taxonomy":"post_tag","embeddable":true,"href":"https:\/\/taipeirevista.com\/index.php\/wp-json\/wp\/v2\/tags?post=10597"}],"curies":[{"name":"wp","href":"https:\/\/api.w.org\/{rel}","templated":true}]}}