{"id":5757,"date":"2022-07-07T03:44:09","date_gmt":"2022-07-07T03:44:09","guid":{"rendered":"https:\/\/taipeirevista.com\/?p=5757"},"modified":"2022-07-24T07:18:14","modified_gmt":"2022-07-24T07:18:14","slug":"tres-textos-de-sergei-m-eisenstein-a-donde-va-el-potemkin-respuesta-a-goebbels-reunion-con-stalin","status":"publish","type":"post","link":"https:\/\/taipeirevista.com\/index.php\/2022\/07\/07\/tres-textos-de-sergei-m-eisenstein-a-donde-va-el-potemkin-respuesta-a-goebbels-reunion-con-stalin\/","title":{"rendered":"Tres textos de Sergei M. Eisenstein: &#8220;A d\u00f3nde va el Potemkin&#8221; + Respuesta a Goebbels + Reuni\u00f3n con Stalin"},"content":{"rendered":"\n<p><em>Los tres textos que siguen (hasta donde sabemos, in\u00e9ditos en espa\u00f1ol<sup><a href=\"#nota1\">(1)<\/a><\/sup>) corresponden a tres d\u00e9cadas distintas, y van desde los inicios de la carrera de Eisenstein \u2014el a\u00f1o siguiente al estreno de <\/em>El acorazado Potemkin<em> (1925), cuando ten\u00eda 28 a\u00f1os\u2014 hasta el fin de su carrera y de su vida, durante la producci\u00f3n de la segunda parte de<\/em> Iv\u00e1n el Terrible<em> (Eisenstein falleci\u00f3 de un infarto en febrero de 1948, a los 50 a\u00f1os, un a\u00f1o despu\u00e9s de la reuni\u00f3n con Stalin).<\/em><\/p>\n\n\n\n<p><em>En la reciente <\/em>Potemkinistii <em>(2022), Radu Jude parte de una premisa: la llegada del acorazado Potemkin a Rumania despu\u00e9s del mot\u00edn representado en la pel\u00edcula de Eisenstein. Adem\u00e1s de tomar este acontecimiento como disparador para reflexionar sobre las formas de lidiar con el pasado en su pa\u00eds, el corto ilumina aquello que la pel\u00edcula de Eisenstein no muestra: qu\u00e9 pas\u00f3 con el Potemkin despu\u00e9s del final heroico del film. En \u201cConstanza (Adonde va <\/em>El acorazado Potemkin<em>)\u201d, titulado a partir del nombre de la ciudad rumana donde desembarcaron los marineros para refugiarse luego de la insurrecci\u00f3n, Eisenstein responde la misma pregunta que el film gener\u00f3 en el momento de su estreno: \u00bfa d\u00f3nde va el Potemkin despu\u00e9s del final de la pel\u00edcula? La respuesta le parece irrelevante dada la magnitud simb\u00f3lica de los hechos representados en el film. En un escrito de 1935, conmemorando el d\u00e9cimo aniversario del estreno de la pel\u00edcula, Eisenstein agregar\u00eda: \u201cEl heroico mot\u00edn en el buque de guerra holand\u00e9s Zeven Provinzien, donde los marineros demostraron que todos hab\u00edan visto <\/em>Potemkin<em>: eso es lo que quiero recordar ahora\u201d<sup><a href=\"#nota2\">(2)<\/a><\/sup>.<\/em><\/p>\n\n\n\n<p><em>Pero Eisenstein no responde a esta pregunta solo en su sentido literal: tambi\u00e9n aprovecha para formular en t\u00e9rminos generales una proyecci\u00f3n a futuro del cine sovi\u00e9tico, y justifica el uso de ciertos recursos del clasicismo (los \u201cm\u00e9todos negativos\u201d del \u201carte pasivo\u201d) en un singular paralelismo con la etapa de la NEP (Nueva Pol\u00edtica Econ\u00f3mica) en la Uni\u00f3n Sovi\u00e9tica. En palabras de Vicente S\u00e1nchez-Biosca, \u201cAs\u00ed como esta Nueva Pol\u00edtica Econ\u00f3mica ten\u00eda por objeto relanzar la econom\u00eda mediante ciertas concesiones al liberalismo capitalista, de este modo el <\/em>Potemkin <em>ceder\u00eda a las presiones de la identificaci\u00f3n emocional respecto al Octubre del cine sovi\u00e9tico: <\/em>La huelga<em>\u201d<sup><a href=\"#nota3\">(3)<\/a><\/sup>. A su vez, en \u201cConstanza\u201d \u2014siguiendo a S\u00e1nchez-Biosca\u2014 \u201cEisenstein introduce a prop\u00f3sito del reci\u00e9n acabado <\/em>El acorazado Potemkin<em> el concepto de patetismo (de <\/em>pathos<em>)\u201d. Este ser\u00eda uno de los conceptos fundamentales del \u00faltimo tramo de su trabajo te\u00f3rico, cuando trataba de \u201celevar algunas premisas del realismo socialista al nivel de una reflexi\u00f3n est\u00e9tica seria\u201d<sup><a href=\"#nota4\">(4)<\/a><\/sup>.<\/em><\/p>\n\n\n\n<p><em>En la carta abierta a Joseph Goebbels, Ministro de Propaganda de Adolf Hitler, Eisenstein responde a las alusiones a <\/em>El acorazado Potemkin<em> en dos de los discursos brindados por el ministro a los trabajadores del cine alemanes. El primero de los discursos de Goebbels puede leerse traducido al espa\u00f1ol en la revista <\/em>Kil\u00f3metro 111<em><sup><a href=\"#nota5\">(5)<\/a><\/sup>. All\u00ed, respecto al <\/em>Potemkin<em>, Goebbels dec\u00eda que \u201cquien no tenga una cosmovisi\u00f3n s\u00f3lida podr\u00eda hacerse bolchevique al ver este film. Esto muestra con claridad que la tendencia pol\u00edtica puede ser incluida con maestr\u00eda en una obra de arte, e incluso la peor tendencia puede ser propaganda, si esto se hace con los medios de una obra de arte excepcional\u201d. M\u00e1s all\u00e1 de la ferocidad de su respuesta, del tono sarc\u00e1stico y de algunas formulaciones desmesuradamente dogm\u00e1ticas (tales como: \u201cla verdadera representaci\u00f3n de la vida, la verdad de la vida, incluso la vida misma, solo son posibles en una tierra de s\u00f3viets\u201d), puede destacarse en la r\u00e9plica de Eisenstein el anhelo de un modelo est\u00e9tico no susceptible de ser apropiado por el fascismo.<\/em><\/p>\n\n\n\n<p><em>Hacia mediados de los a\u00f1os treinta, el nuevo canon del cine sovi\u00e9tico priorizaba dos grandes tendencias: la orientada a cuestiones de actualidad vinculadas al socialismo (en la cual Eisenstein hab\u00eda intentado inscribirse con <\/em>El prado de Bezhin<em>) y el film hist\u00f3rico dedicado a destacar figuras heroicas del pasado. Seg\u00fan Bordwell, \u201cEn 1941, Andr\u00e9i Zhd\u00e1nov [responsable de la pol\u00edtica cultural sovi\u00e9tica] encarg\u00f3 a Eisenstein la realizaci\u00f3n de <\/em>Iv\u00e1n el Terrible<em>. Stalin ve\u00eda paralelismos entre \u00e9l mismo y ese zar y, por la labor de historiadores revisionistas [sobre todo, de Robert Wipper y su <\/em>Ivan Grozny<em>, publicado en 1922 y reeditado en 1942], estaba convencido de que Iv\u00e1n hab\u00eda sido un l\u00edder progresista\u201d<sup><a href=\"#nota6\">(6)<\/a><\/sup>. Una vez concluida la Segunda Guerra, se produjo una nueva ofensiva contra el arte considerado formalista, intelectualista y burgu\u00e9s, de la que Eisenstein fue, una vez m\u00e1s, uno de los principales objetivos (ya lo hab\u00eda sido a principios de los treinta, en su regreso a la URSS luego de sus viajes por Europa, EE.UU. y M\u00e9xico). La reuni\u00f3n con Stalin se llev\u00f3 a cabo unos meses despu\u00e9s de un decreto del Comit\u00e9 Central del Partido que apuntaba al ministerio del cine y denunciaba una serie de pel\u00edculas entre las que se encontraba la segunda parte de <\/em>Iv\u00e1n el Terrible<em>. Es evidente que Stalin tom\u00f3 de ese documento sus principales objeciones contra la pel\u00edcula. Eisenstein, como ya hab\u00eda sucedido previamente con <\/em>El prado de Bezhin<em>, se vio forzado a hacer una autocr\u00edtica<sup><a href=\"#nota7\">(7)<\/a><\/sup>.<\/em><\/p>\n\n\n\n<p><em>Adem\u00e1s de Eisenstein y Stalin, participaron de la reuni\u00f3n Nikolai Cherkasov, uno de los actores preferidos de Stalin y una figura importante del partido, quien interpret\u00f3 a Iv\u00e1n en ambas pel\u00edculas; Zhd\u00e1nov, uno de los mayores impulsores de la instauraci\u00f3n del realismo socialista como pol\u00edtica art\u00edstica oficial; y Viacheslav M\u00f3lotov, Ministro de Asuntos Exteriores y asesor cercano de Stalin. Se esperaba que <\/em>Iv\u00e1n el Terrible, Parte 2<em> fuera sometida a una serie de modificaciones, mientras la tercera parte estaba en proceso de producci\u00f3n. Eisenstein ya hab\u00eda sufrido un ataque al coraz\u00f3n en febrero de 1946 y, de acuerdo a Bordwell, es probable que nadie pensara que fuera capaz de concluir las pel\u00edculas.&nbsp;<\/em><\/p>\n\n\n\n<p><em>La tensi\u00f3n entre el fin propagand\u00edstico, las inquietudes art\u00edsticas y la mirada cr\u00edtica acaso se note m\u00e1s en <\/em>Iv\u00e1n el Terrible<em> que en cualquier otra pel\u00edcula de Eisenstein. A lo largo del tiempo convivieron lecturas divergentes que interpretaron en ella tanto un culto a la figura de Stalin como una descarnada cr\u00edtica a su r\u00e9gimen. La segunda parte de<\/em> Iv\u00e1n el Terrible<em>, finalmente, fue prohibida. Reci\u00e9n vio la luz en 1958, m\u00e1s de diez a\u00f1os despu\u00e9s de haber sido terminada; para entonces, tanto Eisenstein como Stalin hab\u00edan fallecido. La<\/em> Parte 3<em>, en cambio, permaneci\u00f3 inconclusa. De ella solo sobreviven el guion y una <a href=\"https:\/\/www.youtube.com\/watch?v=YUqYx1UeiCI\">escena<\/a> en donde la trama de sospechas y conspiraciones de las pel\u00edculas anteriores se intensifica.<\/em><\/p>\n\n\n\n<p><em>Tanto en la respuesta a Goebbels como en la reuni\u00f3n con Stalin se aprecia c\u00f3mo las discusiones en torno al cine llegaron a las m\u00e1s altas esferas del poder en reg\u00edmenes antag\u00f3nicos y con intervenciones de primera mano de l\u00edderes pol\u00edticos de relevancia. Los tres textos dan cuenta de los conflictivos v\u00ednculos entre las esferas del arte y la pol\u00edtica, y son un testimonio del cine como arte de Estado en la primera mitad del siglo XX.<\/em><\/p>\n\n\n\n<p><em>Las traducciones fueron realizadas a partir de las versiones en ingl\u00e9s que figuran en <\/em>Sergei Eisenstein. Selected Works, volume I: Writings, 1922-1934 <em>(editado y traducido por Richard Taylor) y <\/em>Sergei Eisenstein. Selected Works, volume III: Writings, 1934-1947<em> (editado por Richard Taylor y traducido por William Powell), en la edici\u00f3n de I.B.Tauris de 2010 (publicado por primera vez por el British Film Institute en 1988). Las notas al pie, salvo las que figuran como \u201cnota del traductor\u201d (N. del T.), pertenecen a la edici\u00f3n en ingl\u00e9s.<\/em><\/p>\n\n\n\n<p>Introducci\u00f3n y traducci\u00f3n: Agust\u00edn Durruty<\/p>\n\n\n\n<figure class=\"wp-block-image size-large is-resized\"><img fetchpriority=\"high\" decoding=\"async\" src=\"https:\/\/taipeirevista.com\/wp-content\/uploads\/2022\/07\/Eisenstein-durante-su-viaje-en-Mexico.-Foto-de-Agustin-Jimenez-1931-1024x774.jpg\" alt=\"\" class=\"wp-image-5758\" width=\"548\" height=\"414\" srcset=\"https:\/\/taipeirevista.com\/wp-content\/uploads\/2022\/07\/Eisenstein-durante-su-viaje-en-Mexico.-Foto-de-Agustin-Jimenez-1931-1024x774.jpg 1024w, https:\/\/taipeirevista.com\/wp-content\/uploads\/2022\/07\/Eisenstein-durante-su-viaje-en-Mexico.-Foto-de-Agustin-Jimenez-1931-300x227.jpg 300w, https:\/\/taipeirevista.com\/wp-content\/uploads\/2022\/07\/Eisenstein-durante-su-viaje-en-Mexico.-Foto-de-Agustin-Jimenez-1931-768x581.jpg 768w, https:\/\/taipeirevista.com\/wp-content\/uploads\/2022\/07\/Eisenstein-durante-su-viaje-en-Mexico.-Foto-de-Agustin-Jimenez-1931-1536x1161.jpg 1536w, https:\/\/taipeirevista.com\/wp-content\/uploads\/2022\/07\/Eisenstein-durante-su-viaje-en-Mexico.-Foto-de-Agustin-Jimenez-1931.jpg 2048w\" sizes=\"(max-width: 548px) 100vw, 548px\" \/><figcaption>Eisenstein durante su viaje en M\u00e9xico<br>Foto: Agust\u00edn Jim\u00e9nez, 1931<\/figcaption><\/figure>\n\n\n\n<hr class=\"wp-block-separator has-alpha-channel-opacity\"\/>\n\n\n\n<div style=\"height:13px\" aria-hidden=\"true\" class=\"wp-block-spacer\"><\/div>\n\n\n\n<p style=\"font-size:17px\"><strong>Constanza (Adonde va <em>El acorazado Potemkin<\/em>)<\/strong><sup><a href=\"#nota8\">(8)<\/a><\/sup> (1926)<\/p>\n\n\n\n<p>\u201cPero \u00bfa d\u00f3nde va el Potemkin?\u201d, es una pregunta que hacen varios espectadores. Los marineros se encontraron, saludaron y siguieron adelante, pero \u00bfa d\u00f3nde fueron?<\/p>\n\n\n\n<p>Esto no es, claro, solo la curiosidad del hombre de a pie o la sed de conocimiento del trabajador opacando su conciencia de la gran trascendencia p\u00fablica del hecho de que el escuadr\u00f3n del Almirante no haya disparado contra el Potemkin.<\/p>\n\n\n\n<p>A la luz de esta conciencia revolucionaria \u2014la m\u00e1xima concebible en esas circunstancias\u2014, hacer del Potemkin (la victoria moral sobre las armas del zarismo) una an\u00e9cdota, aunque sublime y tr\u00e1gica, sobre una \u201cembarcaci\u00f3n errante\u201d, es desmerecer lo significativo de este evento.<\/p>\n\n\n\n<p>Detuvimos la historia en el punto donde se hab\u00eda vuelto un \u201cactivo\u201d de la Revoluci\u00f3n. Pero la agon\u00eda continu\u00f3.<\/p>\n\n\n\n<p>El desconcierto de la audiencia, por supuesto, da testimonio de otra cosa: de hasta qu\u00e9 punto la negativa del escuadr\u00f3n a abrir fuego es vista, en el presente estado de conciencia, como algo natural y apropiado m\u00e1s que como algo chocante.&nbsp;<\/p>\n\n\n\n<p>Por lo tanto, lo inconcebible de este evento hoy le parece \u201ccom\u00fan\u201d a la audiencia \u2014que, en definitiva, lo ha saludado\u2014 y su inter\u00e9s pasa de la gran trascendencia del evento a su aspecto anecd\u00f3tico: \u201c\u00bfQu\u00e9 pasa despu\u00e9s?\u201d.<\/p>\n\n\n\n<p>Quiz\u00e1s deber\u00edamos preferir que la audiencia no lo sepa. Tal vez sea un asunto de nuestra conciencia. Pero eso es irrelevante aqu\u00ed.&nbsp;<\/p>\n\n\n\n<p>Lo relevante es que, desafortunadamente, los cr\u00edticos no act\u00faan de la misma manera que mi audiencia. Dios mismo los mand\u00f3 a examinar la cuesti\u00f3n de hacia d\u00f3nde conduce el Potemkin, es decir, a sacar conclusiones de eso en materia de pol\u00edtica cinematogr\u00e1fica.&nbsp;<\/p>\n\n\n\n<p>Pero, en su lugar, me escriben con cumplidos sobre la pel\u00edcula o intentan descubrir a qui\u00e9n \u201cse la rob\u00e9\u201d de manera tan intensa que empiezo a pensar en m\u00ed mismo como un \u201cladr\u00f3n de Bagdad\u201d<sup><a href=\"#nota9\">(9)<\/a><\/sup>.<\/p>\n\n\n\n<p>El t\u00e9rmino \u201crobar\u201d es tan apropiado aqu\u00ed como lo es para la confiscaci\u00f3n de los objetos de valor de la Iglesia. Pero volveremos m\u00e1s tarde sobre el \u201cderecho de la Iglesia\u201d sobre los objetos confiscados.<\/p>\n\n\n\n<figure class=\"wp-block-image size-full is-resized\"><img decoding=\"async\" src=\"https:\/\/taipeirevista.com\/wp-content\/uploads\/2022\/07\/El-Potemkin-escoltado-por-el-destructor-no267..png\" alt=\"\" class=\"wp-image-5759\" width=\"533\" height=\"421\" srcset=\"https:\/\/taipeirevista.com\/wp-content\/uploads\/2022\/07\/El-Potemkin-escoltado-por-el-destructor-no267..png 912w, https:\/\/taipeirevista.com\/wp-content\/uploads\/2022\/07\/El-Potemkin-escoltado-por-el-destructor-no267.-300x237.png 300w, https:\/\/taipeirevista.com\/wp-content\/uploads\/2022\/07\/El-Potemkin-escoltado-por-el-destructor-no267.-768x606.png 768w\" sizes=\"(max-width: 533px) 100vw, 533px\" \/><figcaption>El Potemkin escoltado por el destructor n\u00ba267<\/figcaption><\/figure>\n\n\n\n<p>Ahora intentaremos trazar el recorrido del <em>Potemkin <\/em>y determinar su viaje posterior.<\/p>\n\n\n\n<p>Lleg\u00f3 la hora de establecer la t\u00e1ctica de la NEP en el arte y recordar que, a pesar de quienes se beneficiaron con ella<sup><a href=\"#nota10\">(10)<\/a><\/sup>, la NEP es todav\u00eda la maniobra t\u00e1ctica m\u00e1s inspirada de Ilich [Lenin].<\/p>\n\n\n\n<p>\u00bfQu\u00e9 caracteriza a la NEP en t\u00e9rminos formales? El logro de un efecto particular por m\u00e9todos que son l\u00f3gicamente opuestos al objetivo que se persigue: un movimiento hacia el socialismo mediante el comercio, por ejemplo.<\/p>\n\n\n\n<p>Lo mismo sucede en la pol\u00edtica de las artes.<\/p>\n\n\n\n<p>Si la gente me pregunta qu\u00e9 valoro de <em>Potemkin<\/em>,<em> <\/em>respondo que es el primer paso en la \u201cfase NEP\u201d de la lucha.<\/p>\n\n\n\n<p>Porque en <em>Potemkin <\/em>la revisi\u00f3n completa de las atracciones (m\u00e1s all\u00e1 de las de <em>La huelga<\/em>) y el efecto positivo (el <em>pathos<\/em>) \u2014el intransigente llamado a la acci\u00f3n\u2014 son logrados por tres m\u00e9todos \u201cnegativos\u201d, todos ellos del arte pasivo: duda, l\u00e1grimas, sentimiento, lirismo, psicologismo, afecto maternal, etc. Todos ellos son removidos de la armon\u00eda de sus composiciones tradicionales con los resultantes \u201cs\u00edntomas de abstinencia\u201d, como su suspensi\u00f3n de la realidad y otros efectos pacificantes (Ch\u00e9jov, <em>The Stationmaster<\/em><sup><a href=\"#nota11\">(11)<\/a><\/sup>). Estos elementos del arte \u201ccorrecto\u201d<sup><a href=\"#nota12\">(12)<\/a><\/sup> son desmembrados y reorganizados en un nuevo escenario. \u00a1Esta es la burgues\u00eda obligada a trabajar en un Subb\u00f3tniki<sup><a href=\"#nota13\">(13)<\/a><\/sup>!<\/p>\n\n\n\n<p>No es culpa m\u00eda no ser un poeta l\u00edrico. Pero menos aun se puede culpar a nuestros contempor\u00e1neos si, despu\u00e9s de la batalla, necesitan una dosis de sentimentalismo. Considero que solo a trav\u00e9s del sentimentalismo se les puede dar una reflexi\u00f3n necesaria, correcta, de izquierda y activa.<\/p>\n\n\n\n<p>\u00a1\u00bfDe verdad creen que la cl\u00e1sica niebla (una obra maestra de la fotograf\u00eda de Tisse) es mi \u201ccanto del ruise\u00f1or\u201d<sup><a href=\"#nota14\">(14)<\/a><\/sup>; como si, al hacer propaganda a favor de la cooperaci\u00f3n, se fijara el ideal de convertir la futura URSS en un Muir &amp; Merrilees<sup><a href=\"#nota15\">(15)<\/a><\/sup> de toda la Uni\u00f3n?! En absoluto, admiro la secuencia de la niebla como a una navaja de afeitar bien afilada que cortar\u00e1 al espectador exactamente donde lo necesita en un momento determinado. \u00a1La niebla en <em>Potemkin <\/em>es equivalente al matadero de <em>La huelga<\/em>, modificada de acuerdo al a\u00f1o que ha pasado!<\/p>\n\n\n\n<p>En reflexolog\u00eda<sup><a href=\"#nota16\">(16)<\/a><\/sup>, el t\u00e9rmino \u201cestimulante\u201d engloba al mismo tiempo el golpe de un palo en la coronilla y la suavidad de una luz azul p\u00e1lida.<\/p>\n\n\n\n<p>En lo que concierne a m\u00e9todos de influencia, <em>Potemkin <\/em>no es una continuaci\u00f3n de <em>La huelga<\/em>, sino su contracara. Toda la fuerza del psicologismo es contrastada aqu\u00ed con la ausencia de trama, el protocolismo, el naturalismo abstracto y, si se quiere, las cualidades del Cine-Ojo [<em>kinoglazistost&#8217;<\/em>] de <em>La huelga<\/em>. Con un nuevo rol, ciertamente, y con nuevos m\u00e9todos. El objeto no act\u00faa solo como ilustraci\u00f3n de tal (un acorde\u00f3n, un ba\u00f1o), sino que es psicologizado tanto por su presentaci\u00f3n como por su emplazamiento: el movimiento de los ca\u00f1ones es una acci\u00f3n cuyo significado trasciende su mera presencia como objeto. Los \u201cleones rugientes\u201d son la m\u00e1s clara instancia del nuevo psicologismo y del apogeo del efecto psicol\u00f3gico suscitado por cada elemento. Los esquifes y el acorazado no act\u00faan a trav\u00e9s de la yuxtaposici\u00f3n formal sino a trav\u00e9s de un profundo contraste psicol\u00f3gico: los indefensos aferr\u00e1ndose a los fuertes. Cu\u00e1ntas veces escuch\u00e9 cu\u00e1n conmovedor parece el destructor n\u00ba267, tan peque\u00f1o al lado del acorazado. Pero en el encuentro con el escuadr\u00f3n, las m\u00e1quinas eran casi como el coraz\u00f3n de Harry Lloyd<sup><a href=\"#nota17\">(17)<\/a><\/sup>, \u00a1saliendo de su chaleco por estar tan agitado!<\/p>\n\n\n\n<figure class=\"wp-block-gallery has-nested-images columns-default is-cropped wp-block-gallery-1 is-layout-flex wp-block-gallery-is-layout-flex\">\n<figure class=\"wp-block-image size-large\"><img decoding=\"async\" width=\"912\" height=\"720\" data-id=\"5760\" src=\"https:\/\/taipeirevista.com\/wp-content\/uploads\/2022\/07\/Secuencia-de-la-niebla-en-El-acorazado-Potemkin.png\" alt=\"\" class=\"wp-image-5760\" srcset=\"https:\/\/taipeirevista.com\/wp-content\/uploads\/2022\/07\/Secuencia-de-la-niebla-en-El-acorazado-Potemkin.png 912w, https:\/\/taipeirevista.com\/wp-content\/uploads\/2022\/07\/Secuencia-de-la-niebla-en-El-acorazado-Potemkin-300x237.png 300w, https:\/\/taipeirevista.com\/wp-content\/uploads\/2022\/07\/Secuencia-de-la-niebla-en-El-acorazado-Potemkin-768x606.png 768w\" sizes=\"(max-width: 912px) 100vw, 912px\" \/><\/figure>\n\n\n\n<figure class=\"wp-block-image size-large\"><img loading=\"lazy\" decoding=\"async\" width=\"1024\" height=\"762\" data-id=\"5761\" src=\"https:\/\/taipeirevista.com\/wp-content\/uploads\/2022\/07\/Secuencia-de-las-mangueras-en-La-huelga-1024x762.png\" alt=\"\" class=\"wp-image-5761\" srcset=\"https:\/\/taipeirevista.com\/wp-content\/uploads\/2022\/07\/Secuencia-de-las-mangueras-en-La-huelga-1024x762.png 1024w, https:\/\/taipeirevista.com\/wp-content\/uploads\/2022\/07\/Secuencia-de-las-mangueras-en-La-huelga-300x223.png 300w, https:\/\/taipeirevista.com\/wp-content\/uploads\/2022\/07\/Secuencia-de-las-mangueras-en-La-huelga-768x572.png 768w, https:\/\/taipeirevista.com\/wp-content\/uploads\/2022\/07\/Secuencia-de-las-mangueras-en-La-huelga.png 1440w\" sizes=\"(max-width: 1024px) 100vw, 1024px\" \/><\/figure>\n<figcaption class=\"blocks-gallery-caption\">Secuencia de la niebla en <em>El acorazado Potemkin<\/em> \/ Secuencia de las mangueras en <em>La huelga<\/em><\/figcaption><\/figure>\n\n\n\n<p>Comparemos la secuencia de las mangueras de agua en <em>La huelga<\/em> con la de la escalera de Odessa. La diferencia es colosal, teniendo en cuenta el tecnicismo del sentimiento p\u00fablico. Al determinar cu\u00e1l fue la emoci\u00f3n b\u00e1sica de la masa, que le permit\u00eda hacer progresos heroicos constructivos, la secuencia de las mangueras se elabor\u00f3 como ilustraci\u00f3n, de manera l\u00f3gica, es decir, como un an\u00e1lisis t\u00e9cnico de la combinaci\u00f3n de cuerpos y del agua corriendo. En t\u00e9rminos generales, as\u00ed fue c\u00f3mo se construy\u00f3 <em>La huelga<\/em> (o, m\u00e1s precisamente, \u201cuna ilustraci\u00f3n de la huelga\u201d). La secuencia de la escalera de Odessa apareci\u00f3 en el momento en que surg\u00eda una ola de emotividad. No es casual que esta emergencia de emocionalismo sobrevuele cuando las mujeres miembros del Partido se van de la fiesta laboral y regresan con sus familias. Una parte de la personalidad del trabajador se desmoviliza por su vida personal y su \u201cexperiencia\u201d. La resoluci\u00f3n de este problema es bastante diferente: una l\u00ednea f\u00e1ctica (causas y efectos: all\u00ed, agua y cuerpos; aqu\u00ed, disparos y gente cayendo) descendida a un rol secundario, y una combinaci\u00f3n de botas y cuerpos: un efecto psicol\u00f3gico m\u00e1s que \u201cproductivo\u201d, sin mencionar la episodizaci\u00f3n del t\u00f3pico del miedo que es resuelta de manera indiscriminada en <em>La huelga,<\/em> por ejemplo, a trav\u00e9s de un montaje del disparo y del carruaje.&nbsp;<\/p>\n\n\n\n<p>La continuidad entre <em>La huelga<\/em> y <em>Potemkin <\/em>reside en el desarrollo de un <em>pathos <\/em>que emerge de manera dial\u00e9ctica en la primera, y que se basa en el principio de abstracci\u00f3n y tecnicismo l\u00f3gico.&nbsp;<\/p>\n\n\n\n<p><em>La huelga<\/em> es un tratado; <em>Potemkin <\/em>es un himno.&nbsp;<\/p>\n\n\n\n<p>Con <em>Potemkin <\/em>alcanzamos una nueva era, la de un nuevo psicologismo.&nbsp;<\/p>\n\n\n\n<p>\u00bfC\u00f3mo ser\u00e1?<\/p>\n\n\n\n<p>Primero, una serie de resoluciones que debemos tomar al respecto:<\/p>\n\n\n\n<p>1. Hay una cosa a la que no tenemos derecho, y es a hacer generalizaciones. La fase actual determina nuestros m\u00e9todos de influencia y a qu\u00e9 reacciona la audiencia. Sin esto no puede haber arte influyente ni, ciertamente, ning\u00fan arte con m\u00e1xima influencia.<\/p>\n\n\n\n<p>2. Por mucho que el estado real de las cosas sea antip\u00e1tico respecto al per\u00edodo precedente, y por mucho que pueda contradecirlo, estamos obligados a producir un lema que se derive del presente. No tenemos derecho a alterar nuestra pol\u00edtica en nombre de doctrinas r\u00edgidas (y eso es lo que hace hasta el m\u00e1s actual de los esl\u00f3ganes de ayer). El arte admite todos los m\u00e9todos salvo aquellos que fracasaron en alcanzar sus objetivos. Fue Voltaire quien dijo: \u201cAu theatre il faut mieux frapper fort que frapper juste!\u201d [\u201cEn teatro es mejor golpear con fuerza que con exactitud\u201d].<\/p>\n\n\n\n<p>3. \u00bfA qu\u00e9 m\u00e1s no tenemos derecho? En los m\u00e9todos \u201cescurridizos\u201d que nos acechan, debemos recordar esto en particular: no tenemos derecho a solo uno de los usos recurrentes de estas peligrosas atracciones del ma\u00f1ana, esto es, a funcionar como un medio para adormecer a la audiencia. Debemos apuntar todos nuestros recursos para asegurar que el arte siempre exacerbe un conflicto actual en lugar de distraer a la audiencia de \u00e9l. El burgu\u00e9s es un gran experto en suavizar las cuestiones cr\u00edticas del presente, resueltas de manera brillante en la filosof\u00eda del \u201cfinal feliz\u201d.<\/p>\n\n\n\n<p>Por eso, la filosof\u00eda dominante para el psicologismo venidero \u2014no un desarrollo r\u00edgido de los problemas psicol\u00f3gicos en el \u201csentido general\u201d sino en el nivel de una s\u00e1tira period\u00edstica\u2014 prestar\u00e1 atenci\u00f3n a la m\u00e1s dolorosa de las cuestiones actuales que precisan ser resueltas; a las cuestiones que, incluso aunque no se puedan resolver en un contexto particular, obligan a no ser pasadas por alto, a ser planteadas en una forma concreta.<\/p>\n\n\n\n<p>Estamos, ay, en el umbral de un fen\u00f3meno teatral similar en la literatura: la brillante <em>Quiero un hijo<\/em> de Tretiakov<sup><a href=\"#nota18\">(18)<\/a><\/sup>. \u00a1Veremos si la puesta en escena teatral est\u00e1 en el mismo pico de actualidad!<\/p>\n\n\n\n<p>Es aqu\u00ed que encontramos nuestra garant\u00eda contra el psicologismo no-actual y figurativo (o, peor, \u201chist\u00f3rico\u201d, es decir, narrativo).<\/p>\n\n\n\n<p>4. Por \u00faltimo, no debemos bajar el nivel de los requisitos de dominio y avance formal en nuestros m\u00e9todos de manejo de los medios de influencia.<\/p>\n\n\n\n<p>Esto da por concluido el tema de \u201ca d\u00f3nde va el Potemkin\u201d.&nbsp;<\/p>\n\n\n\n<p>Una especificaci\u00f3n m\u00e1s precisa ser\u00eda charlataner\u00eda dogm\u00e1tica y juegos de palabras. La cuesti\u00f3n se puede resolver solamente al seleccionar un nuevo objeto del material crudo, de manera adecuada y desde la presuposici\u00f3n te\u00f3rica correcta, con intuici\u00f3n en su tratamiento. Una intuici\u00f3n que, sin ceder a la disecci\u00f3n o al an\u00e1lisis minucioso, pueda ser considerada una forma poderosa, pero a\u00fan desconocida, de energ\u00eda.<\/p>\n\n\n\n<p>Para aquellos que tomamos posici\u00f3n en el montaje de atracciones, este cambio no es ni un derrumbe de los fundamentos del cine ni un cambio de curso en la comprensi\u00f3n de nuestra cinematograf\u00eda. Para nosotros es el pr\u00f3ximo cambio consecutivo de atracci\u00f3n: la pr\u00f3xima maniobra t\u00e1ctica en el ataque a la audiencia bajo el lema de Octubre.<\/p>\n\n\n\n<figure class=\"wp-block-image size-full is-resized\"><img loading=\"lazy\" decoding=\"async\" src=\"https:\/\/taipeirevista.com\/wp-content\/uploads\/2022\/07\/Plano-final-de-El-acorazado-Potemkin.png\" alt=\"\" class=\"wp-image-5762\" width=\"569\" height=\"449\" srcset=\"https:\/\/taipeirevista.com\/wp-content\/uploads\/2022\/07\/Plano-final-de-El-acorazado-Potemkin.png 912w, https:\/\/taipeirevista.com\/wp-content\/uploads\/2022\/07\/Plano-final-de-El-acorazado-Potemkin-300x237.png 300w, https:\/\/taipeirevista.com\/wp-content\/uploads\/2022\/07\/Plano-final-de-El-acorazado-Potemkin-768x606.png 768w\" sizes=\"(max-width: 569px) 100vw, 569px\" \/><figcaption>Plano final de <em>El acorazado Potemkin<\/em><\/figcaption><\/figure>\n\n\n\n<hr class=\"wp-block-separator has-alpha-channel-opacity\"\/>\n\n\n\n<div style=\"height:13px\" aria-hidden=\"true\" class=\"wp-block-spacer\"><\/div>\n\n\n\n<p style=\"font-size:17px\"><strong>Sobre fascismo, cine alem\u00e1n y la vida real. Carta abierta al Ministro de Propaganda alem\u00e1n, Dr. Goebbels<\/strong><sup><a href=\"#nota19\">(19)<\/a><\/sup> (1934)<\/p>\n\n\n\n<p>\u00a1Herr Doktor!<\/p>\n\n\n\n<p>Probablemente no le preocupe ni le asombre saber que no soy un suscriptor de la prensa alemana, que est\u00e1 bajo su control.<\/p>\n\n\n\n<p>Generalmente ni siquiera la leo.<\/p>\n\n\n\n<p>As\u00ed que puede que le sorprenda que me haya informado, si bien con retraso, de su \u00faltimo discurso a los realizadores de Berl\u00edn en el \u00d3pera Kroll el 10 de febrero<sup><a href=\"#nota20\">(20)<\/a><\/sup>.<\/p>\n\n\n\n<p>En esa ocasi\u00f3n usted hizo, por segunda vez, una referencia elogiosa a mi pel\u00edcula, <em>El acorazado Potemkin<\/em>.<\/p>\n\n\n\n<p>Incluso, una vez m\u00e1s \u2014tal como lo hizo hace un a\u00f1o\u2014 se dign\u00f3 a realzarla como un modelo de la cualidad que los films nacionalsocialistas deber\u00edan emular.<\/p>\n\n\n\n<p>Act\u00faa de manera muy sabia cuando manda a sus realizadores a aprender de sus enemigos.<\/p>\n\n\n\n<p>Pero, al hacerlo, comete un peque\u00f1o error \u201cmetodol\u00f3gico\u201d.<\/p>\n\n\n\n<p>Perm\u00edtame que se lo se\u00f1ale.<\/p>\n\n\n\n<p>Y no me culpe si lo que digo le disgusta.<\/p>\n\n\n\n<p>No es que queramos ense\u00f1arle, es usted quien se dirige a nosotros.<\/p>\n\n\n\n<p>Errar es humano.<\/p>\n\n\n\n<p>Y su sugerencia de que el fascismo puede dar un gran cine alem\u00e1n est\u00e1 profundamente equivocada.<\/p>\n\n\n\n<p>Incluso con la ayuda m\u00e1s ben\u00e9vola del Esp\u00edritu Santo ario por el que usted se hace pasar.<\/p>\n\n\n\n<figure class=\"wp-block-gallery has-nested-images columns-default is-cropped wp-block-gallery-2 is-layout-flex wp-block-gallery-is-layout-flex\">\n<figure class=\"wp-block-image size-large\"><img loading=\"lazy\" decoding=\"async\" width=\"912\" height=\"720\" data-id=\"5764\" src=\"https:\/\/taipeirevista.com\/wp-content\/uploads\/2022\/07\/El-acorazado-Potemkin.1.png\" alt=\"\" class=\"wp-image-5764\" srcset=\"https:\/\/taipeirevista.com\/wp-content\/uploads\/2022\/07\/El-acorazado-Potemkin.1.png 912w, https:\/\/taipeirevista.com\/wp-content\/uploads\/2022\/07\/El-acorazado-Potemkin.1-300x237.png 300w, https:\/\/taipeirevista.com\/wp-content\/uploads\/2022\/07\/El-acorazado-Potemkin.1-768x606.png 768w\" sizes=\"(max-width: 912px) 100vw, 912px\" \/><\/figure>\n\n\n\n<figure class=\"wp-block-image size-large\"><img loading=\"lazy\" decoding=\"async\" width=\"912\" height=\"720\" data-id=\"5763\" src=\"https:\/\/taipeirevista.com\/wp-content\/uploads\/2022\/07\/El-acorazado-Potemkin.2.png\" alt=\"\" class=\"wp-image-5763\" srcset=\"https:\/\/taipeirevista.com\/wp-content\/uploads\/2022\/07\/El-acorazado-Potemkin.2.png 912w, https:\/\/taipeirevista.com\/wp-content\/uploads\/2022\/07\/El-acorazado-Potemkin.2-300x237.png 300w, https:\/\/taipeirevista.com\/wp-content\/uploads\/2022\/07\/El-acorazado-Potemkin.2-768x606.png 768w\" sizes=\"(max-width: 912px) 100vw, 912px\" \/><\/figure>\n<figcaption class=\"blocks-gallery-caption\"><em>El acorazado Potemkin<\/em><\/figcaption><\/figure>\n\n\n\n<p>En alg\u00fan lugar, Engels cita el proverbio ingl\u00e9s: \u201cThe proof of the pudding is in the eating\u201d<sup><a href=\"#nota21\">(21)<\/a><\/sup> [\u201cEl sabor del bud\u00edn se nota al comerlo\u201d].<\/p>\n\n\n\n<p>Ha pasado un triste y considerable per\u00edodo de tiempo, pero su muy alardeado nacionalsocialismo no produjo una sola obra de arte que sea en lo m\u00e1s m\u00ednimo digerible.<\/p>\n\n\n\n<p>As\u00ed que probablemente tenga que hacer unos cuantos discursos m\u00e1s, como los dos que ya hizo.<\/p>\n\n\n\n<p>Es cansadora e ingrata la tarea de inspirar al cine alem\u00e1n, que tuvo logros enormes en el pasado pero que ahora ha ca\u00eddo en las garras del fascismo.<\/p>\n\n\n\n<p>Estoy profundamente convencido, y realmente expectante, de que el proletariado alem\u00e1n no tardar\u00e1 en ayudarlo a librarse de esta agotadora y, sobre todo, infructuosa labor.<\/p>\n\n\n\n<p>Pero, solo en caso de que tenga que dar otro discurso sobre cine, no podemos permitir que un hombre que ocupa una alta posici\u00f3n como la suya cometa el mismo tipo de error.<\/p>\n\n\n\n<p>Entre ensordecedores aplausos, usted cre\u00f3 el magn\u00edfico esquema de un programa creativo para el cine alem\u00e1n:<\/p>\n\n\n\n<blockquote class=\"wp-block-quote is-layout-flow wp-block-quote-is-layout-flow\"><p>La vida real debe volver a ser el contenido del cine.<\/p><p>Debemos apoderarnos de la vida con audacia y coraje, y no tener miedo a las dificultades o fracasos. Cuanto mayores sean los fracasos, m\u00e1s feroz debe ser nuestro renovado abordaje de estos problemas. \u00bfD\u00f3nde estar\u00edamos hoy si hubi\u00e9ramos perdido nuestro coraje con cada fracaso? (Fuerte aplauso). Ahora que el entretenimiento de baja calidad fue eliminado de nuestra vida p\u00fablica, ustedes, trabajadores del cine, deben volver a abordar el tema del inmortal pueblo alem\u00e1n. Abordar el pueblo, que nadie conoce mejor que nosotros\u2026 Cada pueblo es lo que las personas hacen de \u00e9l. (\u00a1Bravo!). Hemos demostrado suficientemente qu\u00e9 se puede hacer del pueblo alem\u00e1n. (Atronador aplauso).<\/p><p>El p\u00fablico no est\u00e1 distanciado del arte.<\/p><p>Y estoy convencido de que, si mostr\u00e1ramos en uno de nuestros cines una pel\u00edcula que realmente capturara nuestra \u00e9poca y realmente fuera un <em>Acorazado <\/em>nacionalsocialista, las entradas se agotar\u00edan por un largo tiempo.<\/p><\/blockquote>\n\n\n\n<p>Cuando usted se refiere al <em>Acorazado <\/em>no tengo dudas de que tiene en mente no solo el <em>Potemkin <\/em>sino toda la l\u00ednea victoriosa de nuestro cine en a\u00f1os recientes.<\/p>\n\n\n\n<p>En cuanto al resto, se trata de un programa brillante.<\/p>\n\n\n\n<p>Todos sabemos que solo la vida real, la verdad de la vida y la representaci\u00f3n verdadera de la vida sirven como base para el arte aut\u00e9ntico.<\/p>\n\n\n\n<p>\u00a1Qu\u00e9 obra maestra ser\u00eda una pel\u00edcula verdadera sobre la Alemania de hoy!<\/p>\n\n\n\n<figure class=\"wp-block-image size-large is-resized\"><img loading=\"lazy\" decoding=\"async\" src=\"https:\/\/taipeirevista.com\/wp-content\/uploads\/2022\/07\/Joseph-Goebbels.2-1024x682.jpg\" alt=\"\" class=\"wp-image-5765\" width=\"549\" height=\"366\" srcset=\"https:\/\/taipeirevista.com\/wp-content\/uploads\/2022\/07\/Joseph-Goebbels.2-1024x682.jpg 1024w, https:\/\/taipeirevista.com\/wp-content\/uploads\/2022\/07\/Joseph-Goebbels.2-300x200.jpg 300w, https:\/\/taipeirevista.com\/wp-content\/uploads\/2022\/07\/Joseph-Goebbels.2-768x512.jpg 768w, https:\/\/taipeirevista.com\/wp-content\/uploads\/2022\/07\/Joseph-Goebbels.2.jpg 1280w\" sizes=\"(max-width: 549px) 100vw, 549px\" \/><figcaption>Joseph Goebbels<\/figcaption><\/figure>\n\n\n\n<p>Sin embargo, necesita un buen consejo para realizar su brillante programa.<\/p>\n\n\n\n<p>De verdad necesita un consejo. Y no solo uno, sino montones.<\/p>\n\n\n\n<p>Dig\u00e1moslo: \u00a1necesita todo el sistema sovi\u00e9tico!<\/p>\n\n\n\n<p>Porque en nuestros d\u00edas, el arte grandioso, la verdadera representaci\u00f3n de la vida, la verdad de la vida, incluso la vida misma, solo son posibles en una tierra de s\u00f3viets, cualquiera sea su nombre previo.<\/p>\n\n\n\n<p>Pero la verdad y el nacionalsocialismo son incompatibles.<\/p>\n\n\n\n<p>Quien defiende la verdad no puede tener v\u00ednculo alguno con el nacionalsocialismo.<\/p>\n\n\n\n<p>\u00a1Todo aquel que defienda la verdad se opone a ustedes!<\/p>\n\n\n\n<p>\u00bfC\u00f3mo se atreve a hablar de la vida cuando traen muerte y exilio con hacha y ametralladora a lo m\u00e1s vital de su propio pa\u00eds; cuando matan a los mejores hijos del proletariado alem\u00e1n y esparcen a trav\u00e9s del mundo el orgullo de la ciencia alemana y de la cultura mundial?<\/p>\n\n\n\n<p>\u00bfC\u00f3mo se atreve a llamar a su cine a representar la vida con verdad, y no hacer que su primer deber sea gritar al mundo entero acerca de los miles que languidecen mientras son torturados en las catacumbas de sus prisiones, en las c\u00e1maras de tortura de sus calabozos?<\/p>\n\n\n\n<p>\u00bfC\u00f3mo puede tener el descaro de hablar sobre la verdad despu\u00e9s de esa Torre de Babel de confusiones, insolencia y mentiras que construyeron en Leipzig<sup><a href=\"#nota22\">(22)<\/a><\/sup>; en un momento en que erigen un nuevo andamio de mentiras y perfidia en las preparaciones del juicio contra Th\u00e4lmann<sup><a href=\"#nota23\">(23)<\/a><\/sup>?<\/p>\n\n\n\n<p>Usted contin\u00faa su discurso como un buen pastor: \u201cBasta con convencerme de que hay una intenci\u00f3n art\u00edstica honesta detr\u00e1s de una pel\u00edcula para que la defienda con todos los medios\u201c.<\/p>\n\n\n\n<p>Miente usted, Herr Goebbels.<\/p>\n\n\n\n<p>Usted sabe muy bien que una pel\u00edcula honesta y art\u00edstica solo puede ser aquella que exponga en su totalidad el infierno al que el nacionalsocialismo ha sumergido a Alemania.<\/p>\n\n\n\n<p>\u00a1Dif\u00edcilmente alentar\u00eda usted pel\u00edculas como esa!<\/p>\n\n\n\n<p>El verdadero cine alem\u00e1n solo puede ser aquel que llame a las masas revolucionarias a una batalla contra ustedes.<\/p>\n\n\n\n<p>Eso es lo que realmente requiere coraje y audacia.<\/p>\n\n\n\n<p>Porque, a pesar del tono amable de sus discursos, usted mantiene el arte y la cultura en las mismas cadenas de hierro que los miles de presos en sus cientos de campos de concentraci\u00f3n.<\/p>\n\n\n\n<p>Las obras de arte no se producen de la manera que usted imagina. Sabemos, por ejemplo \u2014y en cierto punto lo hemos demostrado\u2014, que una obra de arte que merezca ese nombre lo es, fue y ser\u00e1 cuando la lucha unificada, claramente formulada y determinada de una clase es expresada a trav\u00e9s del artista.<\/p>\n\n\n\n<p>Una obra de arte genuina es el esfuerzo formalmente organizado de una clase para consolidar su lucha, sus logros, su perfil social en las im\u00e1genes duraderas del arte.<\/p>\n\n\n\n<p>Cuanto m\u00e1s elevada sea la obra de arte, m\u00e1s plenamente habr\u00e1 logrado el artista comprender, sentir y comunicar el estallido creativo de las propias masas.<\/p>\n\n\n\n<p>No es as\u00ed como usted ve las clases y las masas.<\/p>\n\n\n\n<p>De acuerdo a usted: \u201cCada pueblo es lo que las personas hacen de \u00e9l\u201c. Y hay idiotas que gritan \u201cbravo\u201d ante estas palabras.<\/p>\n\n\n\n<p>Solo espere. El proletariado encontrar\u00e1 su propio correctivo para esta concepci\u00f3n suya, si es que podemos llamarla as\u00ed, Herr Demiurgo del Divino Poder.<\/p>\n\n\n\n<p>As\u00ed aprender\u00e1 qui\u00e9n es el verdadero sujeto de la historia.<\/p>\n\n\n\n<p>Entonces sabr\u00e1 qui\u00e9n es qui\u00e9n, qu\u00e9 ser\u00e1 de usted\u2026 y qu\u00e9<em> se har\u00e1<\/em> con usted.<\/p>\n\n\n\n<p>Dicen que de la guerra nacen h\u00e9roes.<\/p>\n\n\n\n<p>Dicen que de las monta\u00f1as nacen ratones<sup><a href=\"#nota24\">(24)<\/a><\/sup>.<\/p>\n\n\n\n<p>Pero ning\u00fan Goebbels, con la pretensi\u00f3n de dar a luz a una nueva Alemania de su propia cabeza como a Atenea, es capaz de producir un \u201cgran cine nacionalsocialista\u201d.<\/p>\n\n\n\n<figure class=\"wp-block-image size-full is-resized\"><img loading=\"lazy\" decoding=\"async\" src=\"https:\/\/taipeirevista.com\/wp-content\/uploads\/2022\/07\/Hitler-y-Goebbels-en-los-estudios-de-la-UFA-4-de-enero-de-1935.jpg\" alt=\"\" class=\"wp-image-5767\" width=\"558\" height=\"374\" srcset=\"https:\/\/taipeirevista.com\/wp-content\/uploads\/2022\/07\/Hitler-y-Goebbels-en-los-estudios-de-la-UFA-4-de-enero-de-1935.jpg 800w, https:\/\/taipeirevista.com\/wp-content\/uploads\/2022\/07\/Hitler-y-Goebbels-en-los-estudios-de-la-UFA-4-de-enero-de-1935-300x201.jpg 300w, https:\/\/taipeirevista.com\/wp-content\/uploads\/2022\/07\/Hitler-y-Goebbels-en-los-estudios-de-la-UFA-4-de-enero-de-1935-768x515.jpg 768w\" sizes=\"(max-width: 558px) 100vw, 558px\" \/><figcaption>Hitler y Goebbels en los estudios de la UFA (4 de enero de 1935)<\/figcaption><\/figure>\n\n\n\n<p>Por m\u00e1s que lo intente, no puede crear un \u201crealismo nacionalsocialista\u201d. En esta suma de mentiras habr\u00eda tanta verdad y realismo como lo que hay de socialismo en el nacionalsocialismo.<\/p>\n\n\n\n<p>Esa cantidad ha sido estimada con precisi\u00f3n por el camarada Stalin en su informe para el XVII Congreso del Partido: \u00a1ni un \u00e1tomo!<\/p>\n\n\n\n<blockquote class=\"wp-block-quote is-layout-flow wp-block-quote-is-layout-flow\"><p>No me refiero al fascismo en general sino ante todo al fascismo de tipo alem\u00e1n, err\u00f3neamente llamado nacionalsocialismo ya que, a pesar de la investigaci\u00f3n m\u00e1s rigurosa, es imposible discernir en \u00e9l ni un \u00e1tomo de socialismo.<sup><a href=\"#nota25\">(25)<\/a><\/sup><\/p><\/blockquote>\n\n\n\n<p>Solo el genuino sistema socialista de la Uni\u00f3n Sovi\u00e9tica es capaz de crear el grandioso arte realista del futuro y del presente.<\/p>\n\n\n\n<p>Usted solo puede so\u00f1ar con \u00e9l.<\/p>\n\n\n\n<p>Encuentra dificultades incluso para adivinarlo. Lo hace mal y al rev\u00e9s. Utiliza las cartas equivocadas. Y ning\u00fan truco lo ayudar\u00e1.<\/p>\n\n\n\n<p>Pinte con el azul de Prusia de sus l\u00edricas fabulaciones. Pero sepa que solo el genuino socialismo y un plan de ataque socialista garantizan un programa creativo para toda forma de arte.<\/p>\n\n\n\n<p>Los mensajes inal\u00e1mbricos de los h\u00e9roes del rompehielos Cheli\u00faskin<sup><a href=\"#nota26\">(26)<\/a><\/sup> nos traen la noticia de que, atrapados en el hielo, obtienen nuevas reservas de fuerza y un impulso de energ\u00eda creativa por parte del informe del XVII Congreso sobre los trabajos del Comit\u00e9 Central del Partido.<\/p>\n\n\n\n<p>Aprisionados en sus cadenas por largos meses, sus v\u00edctimas y nuestros amados h\u00e9roes Dimitrov, Tanev y Popov fueron privados de todo contacto con el mundo exterior. Hubo un momento feliz en que el aislamiento se rompi\u00f3 por unos pocos d\u00edas. Les lleg\u00f3 un diario. Sus p\u00e1ginas conten\u00edan el mismo informe. Ese momento, esas columnas de imprenta, fueron una compensaci\u00f3n de todos esos meses de sufrimiento. El d\u00eda posterior a su regreso, escuch\u00e9 de los propios labios de Tanev lo que esas columnas significaron para sus prisioneros. Proporcionaron un flujo de energ\u00eda y sentimientos renovados para su implacable lucha.<\/p>\n\n\n\n<p>En esas columnas estaba todo lo que un \u201csoldado de la revoluci\u00f3n\u201d (la expresi\u00f3n es del ciudadano sovi\u00e9tico Dimitrov<sup><a href=\"#nota27\">(27)<\/a><\/sup>) necesitaba saber un a\u00f1o atr\u00e1s y en los muchos a\u00f1os por venir.<\/p>\n\n\n\n<p>En esas columnas se funda todo el programa creativo de un \u201csoldado del arte de la revoluci\u00f3n\u201d, que utiliza todo tipo de armas ideol\u00f3gicas \u2014literatura, arte y cine\u2014 en sus batallas finales por una sociedad sin clases.<\/p>\n\n\n\n<p>Es el mejor ejemplo del realismo socialista en acci\u00f3n.<\/p>\n\n\n\n<p>Es el mejor modelo de realismo socialista para todos los sectores de la creaci\u00f3n art\u00edstica.<\/p>\n\n\n\n<p>No la sonoridad vac\u00eda de sus discursos.<\/p>\n\n\n\n<p>Despu\u00e9s de prometer su protecci\u00f3n de alto nivel para la \u201ccreatividad art\u00edstica honesta\u201d en el cine, usted agreg\u00f3 con benevolencia: \u201cPero no pretendo que una pel\u00edcula empiece y termine con una procesi\u00f3n nacionalsocialista. D\u00e9jennos las procesiones a nosotros, sabemos c\u00f3mo hacerlas mejor que ustedes\u201d.<\/p>\n\n\n\n<p>\u00a1Bien dicho, bien dicho!<\/p>\n\n\n\n<p>\u00a1Vuelva a sus bombos, Herr Percusionista en Jefe!<\/p>\n\n\n\n<p>No toque la melod\u00eda del realismo nacionalsocialista con su flauta m\u00e1gica.<\/p>\n\n\n\n<p>No imite a su \u00eddolo Federico el Grande tambi\u00e9n en la flauta.<\/p>\n\n\n\n<p>C\u00ed\u00f1ase al instrumento al que est\u00e1 acostumbrado, el hacha.<\/p>\n\n\n\n<p>Y no pierda tiempo, no le queda mucho para empu\u00f1ar el hacha del verdugo.<\/p>\n\n\n\n<p>Aprov\u00e9chelo.<\/p>\n\n\n\n<p>Queme sus libros.<\/p>\n\n\n\n<p>Queme sus Reichstags.<\/p>\n\n\n\n<p>Pero ni se le ocurra imaginar que un arte burocr\u00e1tico, alimentado de toda esta inmundicia, ser\u00e1 capaz de \u201cencender los corazones de los hombres con su voz\u201d.<\/p>\n\n\n\n<figure class=\"wp-block-image size-large is-resized\"><img loading=\"lazy\" decoding=\"async\" src=\"https:\/\/taipeirevista.com\/wp-content\/uploads\/2022\/07\/La-huelga-1024x762.png\" alt=\"\" class=\"wp-image-5766\" width=\"553\" height=\"412\" srcset=\"https:\/\/taipeirevista.com\/wp-content\/uploads\/2022\/07\/La-huelga-1024x762.png 1024w, https:\/\/taipeirevista.com\/wp-content\/uploads\/2022\/07\/La-huelga-300x223.png 300w, https:\/\/taipeirevista.com\/wp-content\/uploads\/2022\/07\/La-huelga-768x572.png 768w, https:\/\/taipeirevista.com\/wp-content\/uploads\/2022\/07\/La-huelga.png 1440w\" sizes=\"(max-width: 553px) 100vw, 553px\" \/><figcaption><em>La huelga<\/em><\/figcaption><\/figure>\n\n\n\n<hr class=\"wp-block-separator has-alpha-channel-opacity\"\/>\n\n\n\n<div style=\"height:13px\" aria-hidden=\"true\" class=\"wp-block-spacer\"><\/div>\n\n\n\n<p style=\"font-size:17px\"><strong>Stalin, M\u00f3lotov y Zhd\u00e1nov sobre <em>Iv\u00e1n el Terrible, Parte 2<\/em><\/strong><sup><a href=\"#nota28\">(28)<\/a><\/sup> (1947)<\/p>\n\n\n\n<p>Fuimos convocados a una reuni\u00f3n en el Kremlin a las 11 p.m. Entramos a la sala de recepci\u00f3n a las 10:50. Exactamente a las once, Poskrebyshev<sup><a href=\"#nota29\">(29)<\/a><\/sup> sali\u00f3 para conducirnos al estudio.<\/p>\n\n\n\n<p>Stalin, M\u00f3lotov y Zhd\u00e1nov<sup><a href=\"#nota30\">(30)<\/a><\/sup> estaban en la parte trasera. Entramos, nos dimos la mano y nos sentamos a la mesa.<\/p>\n\n\n\n<p>Stalin: Usted escribi\u00f3 una carta. La respuesta se ha retrasado un poco. Pens\u00e9 en responder por escrito, pero luego decid\u00ed que ser\u00eda mejor hablarlo, puesto que estoy muy ocupado y no tengo tiempo. Despu\u00e9s de un retraso considerable, decid\u00ed reunirme aqu\u00ed con usted. Recib\u00ed su carta en noviembre.<\/p>\n\n\n\n<p>Zhd\u00e1nov: S\u00ed, todav\u00eda estaba en Sochi cuando la recibi\u00f3. (&#8230;)<\/p>\n\n\n\n<p>Stalin: \u00bfHa estudiado historia?<\/p>\n\n\n\n<p>Eisenstein: M\u00e1s o menos.<\/p>\n\n\n\n<p>Stalin: \u00bfM\u00e1s o menos? Yo tambi\u00e9n tengo un poco de conocimiento de historia. Su retrato de la oprichnina es incorrecto. La oprichnina era un ej\u00e9rcito de la realeza. A diferencia del ej\u00e9rcito feudal, que en cualquier momento pod\u00eda enrollar sus banderas y retirarse del campo, este era un ej\u00e9rcito que manten\u00eda su posici\u00f3n, un ej\u00e9rcito de avanzada. Usted hizo que la oprichnina se viera como el Ku-Klux-Klan.<\/p>\n\n\n\n<figure class=\"wp-block-gallery has-nested-images columns-4 is-cropped wp-block-gallery-3 is-layout-flex wp-block-gallery-is-layout-flex\">\n<figure class=\"wp-block-image size-large\"><img loading=\"lazy\" decoding=\"async\" width=\"758\" height=\"1024\" data-id=\"5771\" src=\"https:\/\/taipeirevista.com\/wp-content\/uploads\/2022\/07\/Iosif-Stalin-758x1024.jpg\" alt=\"\" class=\"wp-image-5771\" srcset=\"https:\/\/taipeirevista.com\/wp-content\/uploads\/2022\/07\/Iosif-Stalin-758x1024.jpg 758w, https:\/\/taipeirevista.com\/wp-content\/uploads\/2022\/07\/Iosif-Stalin-222x300.jpg 222w, https:\/\/taipeirevista.com\/wp-content\/uploads\/2022\/07\/Iosif-Stalin-768x1037.jpg 768w, https:\/\/taipeirevista.com\/wp-content\/uploads\/2022\/07\/Iosif-Stalin-1138x1536.jpg 1138w, https:\/\/taipeirevista.com\/wp-content\/uploads\/2022\/07\/Iosif-Stalin-1517x2048.jpg 1517w, https:\/\/taipeirevista.com\/wp-content\/uploads\/2022\/07\/Iosif-Stalin-scaled.jpg 1896w\" sizes=\"(max-width: 758px) 100vw, 758px\" \/><\/figure>\n\n\n\n<figure class=\"wp-block-image size-large\"><img loading=\"lazy\" decoding=\"async\" width=\"622\" height=\"900\" data-id=\"5770\" src=\"https:\/\/taipeirevista.com\/wp-content\/uploads\/2022\/07\/Andrei-Zhdanov.jpg\" alt=\"\" class=\"wp-image-5770\" srcset=\"https:\/\/taipeirevista.com\/wp-content\/uploads\/2022\/07\/Andrei-Zhdanov.jpg 622w, https:\/\/taipeirevista.com\/wp-content\/uploads\/2022\/07\/Andrei-Zhdanov-207x300.jpg 207w\" sizes=\"(max-width: 622px) 100vw, 622px\" \/><\/figure>\n\n\n\n<figure class=\"wp-block-image size-large\"><img loading=\"lazy\" decoding=\"async\" width=\"500\" height=\"750\" data-id=\"5768\" src=\"https:\/\/taipeirevista.com\/wp-content\/uploads\/2022\/07\/Viacheslav-Molotov.jpg\" alt=\"\" class=\"wp-image-5768\" srcset=\"https:\/\/taipeirevista.com\/wp-content\/uploads\/2022\/07\/Viacheslav-Molotov.jpg 500w, https:\/\/taipeirevista.com\/wp-content\/uploads\/2022\/07\/Viacheslav-Molotov-200x300.jpg 200w\" sizes=\"(max-width: 500px) 100vw, 500px\" \/><\/figure>\n\n\n\n<figure class=\"wp-block-image size-large\"><img loading=\"lazy\" decoding=\"async\" width=\"666\" height=\"999\" data-id=\"5769\" src=\"https:\/\/taipeirevista.com\/wp-content\/uploads\/2022\/07\/Nikolai-Cherkasov.jpg\" alt=\"\" class=\"wp-image-5769\" srcset=\"https:\/\/taipeirevista.com\/wp-content\/uploads\/2022\/07\/Nikolai-Cherkasov.jpg 666w, https:\/\/taipeirevista.com\/wp-content\/uploads\/2022\/07\/Nikolai-Cherkasov-200x300.jpg 200w\" sizes=\"(max-width: 666px) 100vw, 666px\" \/><\/figure>\n<figcaption class=\"blocks-gallery-caption\">Iosif Stalin \/ Andr\u00e9i Zhd\u00e1nov \/ Viacheslav M\u00f3lotov \/ Nikolai Cherkasov<\/figcaption><\/figure>\n\n\n\n<p>Eisenstein: Ellos visten sombreros blancos, los nuestros eran negros.<\/p>\n\n\n\n<p>M\u00f3lotov: Eso no constituye una diferencia de principio.<\/p>\n\n\n\n<p>Stalin: Su zar ha resultado indeciso, como Hamlet. Todos le dicen qu\u00e9 debe hacer, no toma decisiones por s\u00ed mismo.<\/p>\n\n\n\n<p>El zar Iv\u00e1n fue un gran y sabio gobernante. Si lo compara con Luis XI (usted habr\u00e1 le\u00eddo sobre Luis XI, que allan\u00f3 el camino para el absolutismo de Luis XIV), Iv\u00e1n empeque\u00f1ece a Luis XI. La sabidur\u00eda de Iv\u00e1n el Terrible resid\u00eda en su perspectiva nacional y su rechazo a permitir la entrada de extranjeros en su pa\u00eds, para protegerlo de la penetraci\u00f3n de influencias for\u00e1neas. Al mostrar a Iv\u00e1n como usted lo hizo, se introdujeron aberraciones y errores.<\/p>\n\n\n\n<p>Pedro I tambi\u00e9n fue un gran gobernante, pero era demasiado liberal en su trato de extranjeros, abri\u00f3 demasiado las puertas y permiti\u00f3 influencias for\u00e1neas en su pa\u00eds, y eso dio lugar a la germanizaci\u00f3n de Rusia. Catalina aun m\u00e1s. Y luego, \u00bfrealmente se puede decir que la corte de Alejandro I era una corte rusa? \u00bfFue la corte de Nicol\u00e1s I realmente rusa? No, eran cortes alemanas.<\/p>\n\n\n\n<p>El gran logro de Iv\u00e1n el Terrible fue haber sido el primero en introducir un monopolio en el comercio exterior. Iv\u00e1n el Terrible fue el primero, Lenin fue el segundo.<\/p>\n\n\n\n<p>Zhd\u00e1nov: El Iv\u00e1n el Terrible de Eisenstein se presenta como un neurast\u00e9nico.<\/p>\n\n\n\n<p>M\u00f3lotov: Hay una confianza general en el psicologismo, un \u00e9nfasis extraordinario en las contradicciones psicol\u00f3gicas internas y las experiencias personales.<\/p>\n\n\n\n<p>Stalin: Las figuras hist\u00f3ricas deben retratarse de manera correcta. En la <em>Parte 1<\/em>, por ejemplo, es poco probable que el zar besara a su esposa durante tanto tiempo. Eso no era aceptado en aquellos d\u00edas.<\/p>\n\n\n\n<p>Zhd\u00e1nov: La pel\u00edcula fue hecha con una tendencia bizantina. Eso tampoco se practicaba.<\/p>\n\n\n\n<p>M\u00f3lotov: La <em>Parte 2<\/em> est\u00e1 demasiado confinada en b\u00f3vedas y s\u00f3tanos. No hay nada del bullicio de Mosc\u00fa, de su gente. Usted puede mostrar las conspiraciones y represiones, pero no solo eso.<\/p>\n\n\n\n<p>Stalin: Iv\u00e1n el Terrible fue muy cruel. Puede ser retratado como un hombre cruel, pero se debe mostrar por qu\u00e9 tuvo que serlo. Uno de los errores de Iv\u00e1n el Terrible fue no terminar con los cinco clanes feudales clave. De haber destruido estos cinco clanes, no hubiera habido Per\u00edodo Tumultuoso<sup><a href=\"#nota31\">(31)<\/a><\/sup>. Y, cuando Iv\u00e1n el Terrible hac\u00eda ejecutar a alguien, pasaba demasiado tiempo inmerso en arrepentimientos y oraciones. Dios era un obst\u00e1culo para \u00e9l en este aspecto. Deber\u00eda haber sido m\u00e1s decidido.<\/p>\n\n\n\n<p>M\u00f3lotov: Estos eventos hist\u00f3ricos tendr\u00edan que haber sido mostrados en su correcta interpretaci\u00f3n. Tome la obra de Demi\u00e1n Bedny, <em>Los caballeros<\/em>, por ejemplo<sup><a href=\"#nota32\">(32)<\/a><\/sup>. En esa obra, Bedny se burlaba de la conversi\u00f3n de Rus al cristianismo, cuando la aceptaci\u00f3n del cristianismo fue un evento de avanzada en ese per\u00edodo hist\u00f3rico particular.<\/p>\n\n\n\n<p>Stalin: Nosotros no somos, por supuesto, particularmente buenos cristianos. Pero es err\u00f3neo negar el rol progresista del cristianismo en esa etapa. Fue muy significativo; marc\u00f3 el momento en que el Estado ruso se alej\u00f3 de Oriente y se pos\u00f3 frente a Occidente.<\/p>\n\n\n\n<p>Sobre las relaciones con el Este, el camarada Stalin dijo que \u201crecientemente liberado de la opresi\u00f3n t\u00e1rtara, Iv\u00e1n el Terrible estaba muy interesado en unificar Rusia como basti\u00f3n contra cualquier invasi\u00f3n t\u00e1rtara. Astrac\u00e1n hab\u00eda sido sometida, pero pod\u00eda atacar Mosc\u00fa en cualquier momento, al igual que los t\u00e1rtaros de Crimea. Demi\u00e1n Bedny ha tergiversado la perspectiva hist\u00f3rica. Cuando mudamos el Monumento a Minin y Pozharski cerca de San Basilio, Demi\u00e1n Bedny me escribi\u00f3 [el camarada Stalin se se\u00f1al\u00f3 a s\u00ed mismo] una carta de protesta al efecto de que el monumento deb\u00eda ser desechado por completo, y Minin y Pozharski, consignados al olvido<sup><a href=\"#nota33\">(33)<\/a><\/sup>. Yo dirig\u00ed mi respuesta a \u2018Iv\u00e1n, ancestro olvidado\u2019. No podemos desechar nuestra historia\u201d.<\/p>\n\n\n\n<figure class=\"wp-block-image size-full is-resized\"><img loading=\"lazy\" decoding=\"async\" src=\"https:\/\/taipeirevista.com\/wp-content\/uploads\/2022\/07\/Eisenstein-en-el-rodaje-de-Ivan-el-Terrible.png\" alt=\"\" class=\"wp-image-5776\" width=\"548\" height=\"411\" srcset=\"https:\/\/taipeirevista.com\/wp-content\/uploads\/2022\/07\/Eisenstein-en-el-rodaje-de-Ivan-el-Terrible.png 640w, https:\/\/taipeirevista.com\/wp-content\/uploads\/2022\/07\/Eisenstein-en-el-rodaje-de-Ivan-el-Terrible-300x225.png 300w\" sizes=\"(max-width: 548px) 100vw, 548px\" \/><figcaption>Eisenstein en el rodaje de<em> Iv\u00e1n el Terrible<\/em><\/figcaption><\/figure>\n\n\n\n<p>Luego, el camarada Stalin hizo una serie de observaciones acerca del tratamiento del personaje de Iv\u00e1n el Terrible, con \u00e9nfasis en la importancia de Maliuta Skur\u00e1tov como l\u00edder militar y su muerte heroica en la guerra con Livonia.<\/p>\n\n\n\n<p>Como respuesta a la afirmaci\u00f3n de que la cr\u00edtica era \u00fatil y que Pudovkin, siguiendo las cr\u00edticas, hab\u00eda hecho un buen film, <em>Almirante Naj\u00edmov<\/em>, el camarada Cherkasov respondi\u00f3: \u201cEstoy seguro de que lo haremos igualmente bien, porque estoy trabajando en el personaje de Iv\u00e1n, no solo en cine sino tambi\u00e9n en teatro. Me gusta mucho y estoy seguro de que nuestra reelaboraci\u00f3n puede resultar correcta y veraz\u201d.<\/p>\n\n\n\n<p>A lo cual el camarada Stalin dijo: \u201cBueno, intent\u00e9moslo\u201d.<\/p>\n\n\n\n<p>Cherkasov: Estoy seguro de que la reelaboraci\u00f3n ser\u00e1 un \u00e9xito.<\/p>\n\n\n\n<p>Stalin (riendo): Si Dios quisiera, todos los d\u00edas ser\u00edan Navidad.<\/p>\n\n\n\n<p>[&#8230;]<\/p>\n\n\n\n<p>Eisenstein pregunt\u00f3 si hab\u00eda instrucciones espec\u00edficas para la pel\u00edcula.<\/p>\n\n\n\n<p>El camarada Stalin respondi\u00f3: \u201cNo doy instrucciones tanto como expreso los pensamientos de la audiencia\u201d.<\/p>\n\n\n\n<p>[&#8230;]<\/p>\n\n\n\n<p>El camarada Zhd\u00e1nov dijo que la fascinaci\u00f3n de Eisenstein con las sombras distra\u00eda al espectador de la acci\u00f3n, al igual que la fascinaci\u00f3n con la barba de Iv\u00e1n: Iv\u00e1n levantaba su cabeza con demasiada frecuencia para que pudiera verse su barba.<\/p>\n\n\n\n<p>Eisenstein prometi\u00f3 que la barba de Iv\u00e1n ser\u00eda m\u00e1s corta.<\/p>\n\n\n\n<p>El camarada Stalin, recordando a cada actor individual en <em>Iv\u00e1n el Terrible, Parte 1<\/em>, dijo: \u201cKurbski estaba espl\u00e9ndido. St\u00e1ritski (interpretado por K\u00e1dochnikov) estaba muy bien<sup><a href=\"#nota34\">(34)<\/a><\/sup>. La forma en que atrapaba las moscas estaba muy bien. Iba a ser un futuro zar, pero se la pasaba papando moscas. Se necesitan detalles como esos, que revelan el verdadero car\u00e1cter de un hombre\u201d.<\/p>\n\n\n\n<figure class=\"wp-block-image size-large is-resized\"><img loading=\"lazy\" decoding=\"async\" src=\"https:\/\/taipeirevista.com\/wp-content\/uploads\/2022\/07\/Ivan-el-Terrible-Parte-1.2-1024x743.png\" alt=\"\" class=\"wp-image-5775\" width=\"569\" height=\"413\" srcset=\"https:\/\/taipeirevista.com\/wp-content\/uploads\/2022\/07\/Ivan-el-Terrible-Parte-1.2-1024x743.png 1024w, https:\/\/taipeirevista.com\/wp-content\/uploads\/2022\/07\/Ivan-el-Terrible-Parte-1.2-300x218.png 300w, https:\/\/taipeirevista.com\/wp-content\/uploads\/2022\/07\/Ivan-el-Terrible-Parte-1.2-768x557.png 768w, https:\/\/taipeirevista.com\/wp-content\/uploads\/2022\/07\/Ivan-el-Terrible-Parte-1.2.png 1488w\" sizes=\"(max-width: 569px) 100vw, 569px\" \/><figcaption><em>Iv\u00e1n el Terrible, Parte 1<\/em><\/figcaption><\/figure>\n\n\n\n<p>Stalin: Bueno, entonces est\u00e1 resuelto. Se les dar\u00e1 la oportunidad a los camaradas Cherkasov y Eisenstein de completar su pel\u00edcula. P\u00e1sale eso a Bolshakov<sup><a href=\"#nota35\">(35)<\/a><\/sup> [agreg\u00f3].<\/p>\n\n\n\n<p>El camarada Cherkasov pidi\u00f3 algunos detalles de la pel\u00edcula y de la apariencia f\u00edsica de Iv\u00e1n.<\/p>\n\n\n\n<p>Stalin: Su apariencia est\u00e1 bien, no necesita ser modificada. La apariencia f\u00edsica de Iv\u00e1n el Terrible es buena.<\/p>\n\n\n\n<p>Cherkasov: \u00bfPodemos dejar la escena del asesinato de Staritski en la pel\u00edcula?<\/p>\n\n\n\n<p>Stalin: S\u00ed. Los asesinatos sucedieron.<\/p>\n\n\n\n<p>Cherkasov: Hay una escena en el guion donde Maliuta Skur\u00e1tov estrangula al Metropolitano Felipe. \u00bfDeber\u00edamos dejarla?<\/p>\n\n\n\n<p>Stalin: Debe dejarse. Es precisa en t\u00e9rminos hist\u00f3ricos.<\/p>\n\n\n\n<p>M\u00f3lotov dijo que las represiones pod\u00edan y deb\u00edan ser mostradas, pero deb\u00eda quedar claro qu\u00e9 las caus\u00f3 y por qu\u00e9. Esto requer\u00eda un retrato de c\u00f3mo funcionaba el Estado en lugar de escenas confinadas en s\u00f3tanos y espacios cerrados. Necesitaba representarse la sabidur\u00eda del arte de gobernar.<\/p>\n\n\n\n<p>Cherkasov expres\u00f3 sus ideas sobre la reelaboraci\u00f3n del guion.<\/p>\n\n\n\n<p>Stalin pregunt\u00f3 c\u00f3mo terminar\u00eda la pel\u00edcula, c\u00f3mo podr\u00edan mejorarse las otras dos pel\u00edculas \u2014es decir, las partes dos y tres\u2014 y c\u00f3mo ten\u00edamos previsto trabajar eso en general.<\/p>\n\n\n\n<p>[&#8230;]<\/p>\n\n\n\n<p>Stalin: \u00bfC\u00f3mo terminar\u00e1 su pel\u00edcula?<\/p>\n\n\n\n<p>Cherkasov dijo que la pel\u00edcula terminar\u00eda con la derrota de Livonia, la muerte heroica de Maliuta Skur\u00e1tov y la expedici\u00f3n al mar, donde Iv\u00e1n el Terrible se parar\u00eda frente a sus soldados para decir: \u201cEstamos en los mares para siempre\u201d.<\/p>\n\n\n\n<p>Stalin: Es lo que pas\u00f3. Y todav\u00eda m\u00e1s.<\/p>\n\n\n\n<p>Cherkasov pregunt\u00f3 si era necesario mostrar un boceto del futuro guion al politbur\u00f3 para recibir una aprobaci\u00f3n.<\/p>\n\n\n\n<p>Stalin: No hace falta presentarlo para su aprobaci\u00f3n. Resu\u00e9lvanlo por su cuenta. Siempre es dif\u00edcil evaluar un guion. Es m\u00e1s f\u00e1cil hablar de una obra concluida. Supongo que querr\u00e1 leer el guion [agreg\u00f3, dirigido a M\u00f3lotov].<\/p>\n\n\n\n<p>M\u00f3lotov: No, me especializo en un \u00e1rea un poco diferente. Que lo lea Bolshakov.<\/p>\n\n\n\n<p>Eisenstein dijo que lo mejor ser\u00eda no apresurar la producci\u00f3n de la pel\u00edcula.<\/p>\n\n\n\n<p>Todos estuvieron de acuerdo con el comentario. El camarada Stalin dijo: \u201cDe ninguna manera se apresurar\u00e1; como regla, cancelamos las pel\u00edculas hechas a las apuradas y nunca son estrenadas. Repin le dedic\u00f3 once a\u00f1os a pintar los <em>Cosacos zap\u00f3rogos<\/em><sup><a href=\"#nota36\">(36)<\/a><\/sup>.<\/p>\n\n\n\n<figure class=\"wp-block-gallery has-nested-images columns-default is-cropped wp-block-gallery-4 is-layout-flex wp-block-gallery-is-layout-flex\">\n<figure class=\"wp-block-image size-large\"><img loading=\"lazy\" decoding=\"async\" width=\"1024\" height=\"743\" data-id=\"5780\" src=\"https:\/\/taipeirevista.com\/wp-content\/uploads\/2022\/07\/Ivan-el-Terrible-Parte-2.2-1-1024x743.png\" alt=\"\" class=\"wp-image-5780\" srcset=\"https:\/\/taipeirevista.com\/wp-content\/uploads\/2022\/07\/Ivan-el-Terrible-Parte-2.2-1-1024x743.png 1024w, https:\/\/taipeirevista.com\/wp-content\/uploads\/2022\/07\/Ivan-el-Terrible-Parte-2.2-1-300x218.png 300w, https:\/\/taipeirevista.com\/wp-content\/uploads\/2022\/07\/Ivan-el-Terrible-Parte-2.2-1-768x557.png 768w, https:\/\/taipeirevista.com\/wp-content\/uploads\/2022\/07\/Ivan-el-Terrible-Parte-2.2-1.png 1488w\" sizes=\"(max-width: 1024px) 100vw, 1024px\" \/><\/figure>\n\n\n\n<figure class=\"wp-block-image size-large\"><img loading=\"lazy\" decoding=\"async\" width=\"1024\" height=\"743\" data-id=\"5781\" src=\"https:\/\/taipeirevista.com\/wp-content\/uploads\/2022\/07\/Ivan-el-Terrible-Parte-1.3-1-1024x743.png\" alt=\"\" class=\"wp-image-5781\" srcset=\"https:\/\/taipeirevista.com\/wp-content\/uploads\/2022\/07\/Ivan-el-Terrible-Parte-1.3-1-1024x743.png 1024w, https:\/\/taipeirevista.com\/wp-content\/uploads\/2022\/07\/Ivan-el-Terrible-Parte-1.3-1-300x218.png 300w, https:\/\/taipeirevista.com\/wp-content\/uploads\/2022\/07\/Ivan-el-Terrible-Parte-1.3-1-768x557.png 768w, https:\/\/taipeirevista.com\/wp-content\/uploads\/2022\/07\/Ivan-el-Terrible-Parte-1.3-1.png 1488w\" sizes=\"(max-width: 1024px) 100vw, 1024px\" \/><\/figure>\n<figcaption class=\"blocks-gallery-caption\"><em>Iv\u00e1n el Terrible, Parte 2 \/ Iv\u00e1n el Terrible, Parte 1<\/em><\/figcaption><\/figure>\n\n\n\n<p>Todos concluyeron que, en efecto, requiere tiempo hacer una buena pel\u00edcula. Respecto a <em>Iv\u00e1n el Terrible<\/em>, el camarada Stalin dijo que si llevaba dieciocho meses, dos o incluso tres a\u00f1os producirla, entonces adelante, \u201caseg\u00farense de que sea como un trabajo de escultores\u201d.<\/p>\n\n\n\n<p>Stalin: La tarea m\u00e1s importante ahora es mejorar la calidad. Mayor calidad, aunque eso signifique menos pel\u00edculas.<\/p>\n\n\n\n<p>Dijo que Tselikovskaya estuvo bien en otros papeles. Actuaba bien, pero era una bailarina<sup><a href=\"#nota37\">(37)<\/a><\/sup>.<\/p>\n\n\n\n<p>Nosotros respondimos que ninguna otra actriz pod\u00eda viajar de Mosc\u00fa a Alma Ata<sup><a href=\"#not38\">(38)<\/a><\/sup>.<\/p>\n\n\n\n<p>El camarada Stalin dijo que un director deb\u00eda ser inflexible y exigir lo que fuera que necesitase, pero que nuestros directores ced\u00edan con demasiada facilidad.<\/p>\n\n\n\n<p>El camarada Eisenstein dijo que le hab\u00eda llevado dos a\u00f1os encontrar una Anastasia.<\/p>\n\n\n\n<p>El camarada Stalin dijo que el actor Zharov no hab\u00eda aportado la suficiente gravedad a su personaje en <em>Iv\u00e1n el Terrible<\/em> y que el resultado hab\u00eda sido malo<sup><a href=\"#nota39\">(39)<\/a><\/sup>. No era cre\u00edble para un comandante militar.<\/p>\n\n\n\n<p>Zhd\u00e1nov: No era Maliuta Skur\u00e1tov, era m\u00e1s bien un cabeza de chorlito.<\/p>\n\n\n\n<p>El camarada Stalin dijo que Iv\u00e1n el Terrible era un zar nacional y perspicaz. No admit\u00eda influencias extranjeras en Rusia; fue \u201cese Pedro quien abri\u00f3 las puertas de Europa y dej\u00f3 entrar a demasiados extranjeros\u201d.<\/p>\n\n\n\n<p>La conversaci\u00f3n termin\u00f3 con el camarada Stalin dese\u00e1ndonos suerte y diciendo: \u201cQue Dios lo ayude\u201d.<\/p>\n\n\n\n<p>Todos nos dimos la mano y salimos. La discusi\u00f3n termin\u00f3 diez minutos despu\u00e9s de la una<sup><a href=\"#nota40\">(40)<\/a><\/sup>.<\/p>\n\n\n\n<p>Ap\u00e9ndice:<\/p>\n\n\n\n<p>El camarada Zhd\u00e1nov tambi\u00e9n dijo que la pel\u00edcula se excedi\u00f3 en el uso de ceremonias religiosas.<\/p>\n\n\n\n<p>El camarada M\u00f3lotov dijo que esto le dio un toque m\u00edstico que no deber\u00eda haber sido tan prominente.<\/p>\n\n\n\n<p>El camarada Zhd\u00e1nov tambi\u00e9n dijo que la escena en la catedral con el \u201cacto sangriento\u201d hab\u00eda sido filmada de manera demasiado panor\u00e1mica, lo cual fue una distracci\u00f3n.<\/p>\n\n\n\n<p>El camarada Stalin dijo que la oprichnina parec\u00eda un grupo de can\u00edbales en la escena del baile, recordando a los fenicios y babilonios.<\/p>\n\n\n\n<p>Cuando el camarada Cherkasov dijo que hab\u00eda estado trabajando en el personaje de Iv\u00e1n el Terrible para el cine y el teatro, el camarada Zhd\u00e1nov dijo: \u201cYo mismo he ocupado el poder durante seis a\u00f1os, no es un problema\u201d.<\/p>\n\n\n\n<p>El camarada Cherkasov busc\u00f3 su caja de cigarrillos y le pregunt\u00f3 al camarada Stalin: \u201c\u00bfEst\u00e1 bien si fumo?\u201d.<\/p>\n\n\n\n<p>El camarada Stalin dijo: \u201cNo hay prohibici\u00f3n de fumar, al menos como tal. \u00bfQuiz\u00e1s deber\u00edamos someterlo a votaci\u00f3n?\u201d. Le permiti\u00f3 fumar.<\/p>\n\n\n\n<p>Cuando la conversaci\u00f3n lleg\u00f3 al tema de someter el guion a una aprobaci\u00f3n, el camarada M\u00f3lotov dijo: \u201cNo hay necesidad de someterlo a aprobaci\u00f3n, especialmente porque espero que el camarada Eisenstein haya resuelto todos los detalles sobre Iv\u00e1n el Terrible para entonces\u201d.<\/p>\n\n\n\n<p>Stalin pregunt\u00f3 por el coraz\u00f3n de Eisenstein y dijo que se lo ve\u00eda muy saludable.<\/p>\n\n\n\n<figure class=\"wp-block-image size-large is-resized\"><img loading=\"lazy\" decoding=\"async\" src=\"https:\/\/taipeirevista.com\/wp-content\/uploads\/2022\/07\/Ivan-el-Terrible-Parte-2.1-1024x743.png\" alt=\"\" class=\"wp-image-5777\" width=\"579\" height=\"420\" srcset=\"https:\/\/taipeirevista.com\/wp-content\/uploads\/2022\/07\/Ivan-el-Terrible-Parte-2.1-1024x743.png 1024w, https:\/\/taipeirevista.com\/wp-content\/uploads\/2022\/07\/Ivan-el-Terrible-Parte-2.1-300x218.png 300w, https:\/\/taipeirevista.com\/wp-content\/uploads\/2022\/07\/Ivan-el-Terrible-Parte-2.1-768x557.png 768w, https:\/\/taipeirevista.com\/wp-content\/uploads\/2022\/07\/Ivan-el-Terrible-Parte-2.1.png 1488w\" sizes=\"(max-width: 579px) 100vw, 579px\" \/><figcaption><em>Iv\u00e1n el Terrible, Parte 2<\/em><\/figcaption><\/figure>\n\n\n\n<hr class=\"wp-block-separator has-alpha-channel-opacity\"\/>\n\n\n\n<div style=\"height:13px\" aria-hidden=\"true\" class=\"wp-block-spacer\"><\/div>\n\n\n\n<p class=\"has-small-font-size\"><strong>Notas:<\/strong><\/p>\n\n\n\n<p class=\"has-small-font-size\" id=\"nota1\"><strong>1&nbsp;<\/strong><a href=\"https:\/\/www.blogacine.com\/2018\/01\/22\/stalin-y-eisenstein-una-conversacion-sobre-ivan-el-terrible\/\">En este sitio<\/a> puede encontrarse una traducci\u00f3n de la reuni\u00f3n de Eisenstein con Stalin. Sin embargo, el traductor se toma algunas libertades (entre ellas, la de adaptar la conversaci\u00f3n al formato de guion cinematogr\u00e1fico).<\/p>\n\n\n\n<p class=\"has-small-font-size\" id=\"nota2\"><strong>2<\/strong>&nbsp;\u201cThe Battleship &#8216;Potemkin&#8217; 1925. From the Screen to Life\u201d, en <em>Sergei Eisenstein. Selected Works, volume III: Writings, 1934-1947<\/em>.<\/p>\n\n\n\n<p class=\"has-small-font-size\" id=\"nota3\"><strong>3<\/strong>&nbsp;\u201cEisenstein: acotaciones para una no-indiferente lectura\u201d, en <em>Cuadernos de cine<\/em> n\u00ba5\/6, a\u00f1o 5, abril de 1985.<\/p>\n\n\n\n<p class=\"has-small-font-size\" id=\"nota4\"><strong>4<\/strong>&nbsp;<em>El cine de Eisenstein<\/em>, David Bordwell, Paid\u00f3s, 1999.<\/p>\n\n\n\n<p class=\"has-small-font-size\" id=\"nota5\"><strong>5<\/strong>&nbsp;\u201cDiscurso en el Hotel Kaiserhof el 28 de marzo de 1933\u201d, en <em>Kil\u00f3metro 111 n\u00ba8 Un arte de Estado<\/em> (diciembre de 2009).<\/p>\n\n\n\n<p class=\"has-small-font-size\" id=\"nota6\"><strong>6<\/strong>&nbsp;<em>El cine de Eisenstein<\/em>, p. 51.<\/p>\n\n\n\n<p class=\"has-small-font-size\" id=\"nota7\"><strong>7<\/strong>&nbsp;<em>El cine de Eisenstein<\/em>, p. 53.<\/p>\n\n\n\n<p class=\"has-small-font-size\" id=\"nota8\"><strong>8<\/strong>&nbsp;Fuente: \u201cKonstantsa. (Kuda ukhodit Bronenosets Pot\u00ebmkin)\u201d, fechado en 1926 y publicado por primera vez en: N.I. Kleiman y K.B. Levina (eds), <em>Bronenosets Pot\u00ebmkin<\/em>, Mosc\u00fa, 1968, pp. 290-2.<\/p>\n\n\n\n<p class=\"has-small-font-size\" id=\"nota9\"><strong>9<\/strong>&nbsp;<em>El ladr\u00f3n de Bagdad<\/em> [<em>The Thief of Bagdad<\/em>, EE.UU., 1924], protagonizada por Douglas Fairbanks.<\/p>\n\n\n\n<p class=\"has-small-font-size\" id=\"nota10\"><strong>10<\/strong>&nbsp;La Nueva Pol\u00edtica Econ\u00f3mica, introducida por Lenin al final de la guerra civil en la primavera de 1921, marc\u00f3 un regreso limitado a la empresa privada y fue dise\u00f1ada para restaurar la econom\u00eda sovi\u00e9tica a los niveles de 1913. Los \u201chombres NEP\u201d y \u201cmujeres NEP\u201d (los nuevos ricos que surgieron en los a\u00f1os siguientes) fueron un constante objeto de s\u00e1tira.<\/p>\n\n\n\n<p class=\"has-small-font-size\" id=\"nota11\"><strong>11<\/strong>&nbsp;<em>The Stationmaster<\/em> [<em>Kollezhskii registrator<\/em>, URSS, 1926], dirigida por Yuri Zhelyabuzhsky y basada en el cuento \u201cEl maestro de postas\u201d de Pushkin.<\/p>\n\n\n\n<p class=\"has-small-font-size\" id=\"nota12\"><strong>12<\/strong>&nbsp;\u201cRight\u201d, en la traducci\u00f3n al ingl\u00e9s. Tambi\u00e9n podr\u00eda interpretarse como \u201cde derecha\u201d. Se a\u00f1ade, as\u00ed, otro nivel de sentido al t\u00e9rmino, acorde a la argumentaci\u00f3n desarrollada por Eisenstein. (N. del T.)<\/p>\n\n\n\n<p class=\"has-small-font-size\" id=\"nota13\"><strong>13<\/strong>&nbsp;Los Subb\u00f3tniki, o \u201cs\u00e1bados comunistas\u201d, eran d\u00edas extra de trabajo no remunerado para el Estado introducidos para reconstruir la econom\u00eda sovi\u00e9tica.<\/p>\n\n\n\n<p class=\"has-small-font-size\" id=\"nota14\"><strong>14<\/strong>&nbsp;Posible referencia a<em> Le chant du rossignol<\/em>, de \u00cdgor Stravinski (N. del T.).<\/p>\n\n\n\n<p class=\"has-small-font-size\" id=\"nota15\"><strong>15<\/strong>&nbsp;Muir &amp; Merrilees era una exclusiva tienda departamental de propiedad extranjera en Mosc\u00fa antes de la Revoluci\u00f3n, similar en estilo a Harrods en Londres. El lugar ahora est\u00e1 ocupado por la tienda estatal TsUM.<\/p>\n\n\n\n<p class=\"has-small-font-size\" id=\"nota16\"><strong>16<\/strong>&nbsp;Eisenstein hab\u00eda estudiado la obra tard\u00eda de Vladimir M. Bekhterev (1857-1927), en particular, <em>Ob obshchikh osnovakh refleksologii kak nauchnoi distsipliny<\/em> [Los principios generales de la reflexolog\u00eda como disciplina cient\u00edfica], 1917, y<em> Kollektivnaya refleksologiya<\/em> [Reflexolog\u00eda colectiva], 1921.<\/p>\n\n\n\n<p class=\"has-small-font-size\" id=\"nota17\"><strong>17<\/strong>&nbsp;Harold Lloyd (1893-1971), comediante cinematogr\u00e1fico estadounidense, cuyas pel\u00edculas m\u00e1s conocidas en ese momento eran <em>El mimado de la abuelita<\/em> [<em>Grandma&#8217;s Boy<\/em>, EE.UU., 1922] y <em>El estudiante novato<\/em> [<em>The Freshman<\/em>, EE.UU., 1925].<\/p>\n\n\n\n<p class=\"has-small-font-size\" id=\"nota18\"><strong>18<\/strong>&nbsp;La obra de Tretiakov <em>Quiero un hijo<\/em> (<em>Khochu reb\u00ebnka<\/em>) fue aceptada por Meyerhold para una producci\u00f3n con decorados de El Lisitski pero no fue realizada por motivos de censura.<\/p>\n\n\n\n<p class=\"has-small-font-size\" id=\"nota19\"><strong>19<\/strong>&nbsp;La respuesta de Eisenstein a Joseph Goebbels (1897-1945), ministro para la Ilustraci\u00f3n P\u00fablica y Propaganda alem\u00e1n durante el Tercer Reich, fue escrita el 9 de marzo de 1934. Fuente: \u201cO fashizme, germanskom kinoiskusstve i podlinnoi zhizni. Otkrytoe pis&#8217;mo germanskomu ministru propagandy Doktoru G\u00ebbbel&#8217;su\u201d, <em>Literaturnaya gazeta<\/em>, 22 de marzo de 1934. Traducida como \u201cOpen Letter to Dr Goebbels\u201d, <em>Film Art<\/em>, Invierno 1934, pp. 7-11.<\/p>\n\n\n\n<p class=\"has-small-font-size\" id=\"nota20\"><strong>20<\/strong>&nbsp;Los dos discursos de Goebbels a los que se refiere Eisenstein en este art\u00edculo fueron realizados el 28 de marzo de 1933 y el 9 de febrero de 1934. El segundo se habr\u00eda informado en la prensa alemana al d\u00eda siguiente, de ah\u00ed la confusi\u00f3n de Eisenstein sobre la fecha. Ver: D. Welch, <em>Propaganda and the German Cinema, 1933-1945<\/em>, Oxford, 1983, pp. 16, 97.<\/p>\n\n\n\n<p class=\"has-small-font-size\" id=\"nota21\"><strong>21<\/strong>&nbsp;En ingl\u00e9s en el original.<\/p>\n\n\n\n<p class=\"has-small-font-size\" id=\"nota22\"><strong>22<\/strong>&nbsp;Una referencia al juicio ama\u00f1ado en Leipzig, en el oto\u00f1o de 1933, contra los comunistas b\u00falgaros Georgi Dimitrov (o Dimitroff), Tanev y Popov, y el holand\u00e9s Martinus van der Lubbe, por presunta complicidad en el incendio del Reichstag [la sede del parlamento alem\u00e1n] el 28 de febrero de 1933. M\u00e1s tarde, Dimitrov fue declarado inocente y puesto en libertad. Luego se instal\u00f3 en la URSS.<\/p>\n\n\n\n<p class=\"has-small-font-size\" id=\"nota23\"><strong>23<\/strong>&nbsp;Ernst Th\u00e4lmann (1886-1944), presidente del Partido Comunista de Alemania (KPD) desde 1924, fue arrestado y encarcelado en varios campos de concentraci\u00f3n en 1933. Finalmente, fue fusilado en Buchenwald en 1944.<\/p>\n\n\n\n<p class=\"has-small-font-size\" id=\"nota24\"><strong>24<\/strong>&nbsp;Proverbio derivado de la f\u00e1bula de Esopo \u201cEl parto de los montes\u201d, retomada por Horacio, que refiere a los anuncios que prometen m\u00e1s de lo que pueden ofrecer. (N. del T.)<\/p>\n\n\n\n<p class=\"has-small-font-size\"><strong>25<\/strong>&nbsp;El discurso de Stalin se public\u00f3 en <em>Pravda <\/em>el 28 de enero de 1934.<\/p>\n\n\n\n<p class=\"has-small-font-size\" id=\"nota25\"><strong>26<\/strong>&nbsp;En el invierno de 1933-34, el barco a vapor sovi\u00e9tico Cheli\u00faskin se hundi\u00f3 en el \u00c1rtico despu\u00e9s de chocar con un iceberg. La prensa sovi\u00e9tica hizo una amplia cobertura de las heroicas operaciones de rescate. Eisenstein escribi\u00f3 un art\u00edculo, \u201cNesravnimoe\u201d [\u201cEl incomparable\u201d], sobre el tema para <em>Literaturnaya gazeta<\/em>, el 18 de junio de 1934.<\/p>\n\n\n\n<p class=\"has-small-font-size\" id=\"nota27\"><strong>27<\/strong>&nbsp;Los b\u00falgaros recibieron la ciudadan\u00eda sovi\u00e9tica despu\u00e9s de su llegada a la URSS.<\/p>\n\n\n\n<p class=\"has-small-font-size\" id=\"nota28\"><strong>28<\/strong>&nbsp;Este reporte de la reuni\u00f3n en la noche del 25 de febrero de 1947 fue hecho inmediatamente despu\u00e9s por Eisenstein y Nikolai P. Cherkasov (quien interpret\u00f3 los papeles principales en <em>Alexander Nevsky<\/em> e <em>Iv\u00e1n el Terrible<\/em>) y publicado por primera vez con el t\u00edtulo \u201cGroznye teni 1947 goda\u201d [Las sombras terribles de 1947] en <em>Moskovskie Novosti<\/em> [Noticias de Mosc\u00fa], el 7 de agosto de 1988, pp. 8-9, de donde se ha hecho esta traducci\u00f3n.<\/p>\n\n\n\n<p class=\"has-small-font-size\" id=\"nota29\"><strong>29&nbsp;<\/strong>Alexander N. Poskrebyshev (1891-1965) fue el secretario principal de Stalin hasta su arresto en 1952.<\/p>\n\n\n\n<p class=\"has-small-font-size\" id=\"nota30\"><strong>30&nbsp;<\/strong>Viacheslav M\u00f3lotov (Skryabin, 1890-1986), un viejo bolchevique y uno de los asesores m\u00e1s cercanos de Stalin, fue Presidente del Consejo de Comisarios del Pueblo entre 1930 y 1940, Comisario (y, desde 1946, Ministro) de Asuntos Exteriores entre 1939 y 1949, y de 1953 a 1956. Andr\u00e9i A. Zhd\u00e1nov (1896-1948), tambi\u00e9n un viejo bolchevique y asesor cercano de Stalin, fue Secretario del Comit\u00e9 Central del Partido Comunista entre 1934 y 1948, desde 1944 a cargo de los asuntos ideol\u00f3gicos, siguiendo una pol\u00edtica cultural de l\u00ednea dura y tratando con especial severidad cualquier signo de influencia occidental en los a\u00f1os de la posguerra, como lo demuestra ampliamente el tono de este documento y del anterior [el documento titulado \u201cDecreto del Comit\u00e9 Central del Partido Comunista sobre la pel\u00edcula <em>Una gran vida<\/em> (<em>Bolshaya zhizn<\/em>)\u201d (4 de septiembre de 1946), que no pertenece a Eisenstein pero fue incluido en el libro para dar cuenta del \u201ccontrol del Partido sobre todos los aspectos de la vida cultural sovi\u00e9tica despu\u00e9s de la relativa relajaci\u00f3n de los a\u00f1os de la guerra\u201d].<\/p>\n\n\n\n<p class=\"has-small-font-size\" id=\"nota31\"><strong>31&nbsp;<\/strong>El Per\u00edodo Tumultuoso [<em>smutnoe vremya<\/em>] es el t\u00e9rmino utilizado para describir el per\u00edodo de confusi\u00f3n que rein\u00f3 en Rusia despu\u00e9s de la muerte de Iv\u00e1n el Terrible en 1584 y antes de que el primer Romanov, Mija\u00edl Fi\u00f3dorovich, ascendiera al trono en 1613. Durante el Per\u00edodo Tumultuoso, Rusia estaba dominada por clanes feudales conocidos como boyardos, cuyo poder intentaron destruir tanto Iv\u00e1n el Terrible como Pedro el Grande.<\/p>\n\n\n\n<p class=\"has-small-font-size\" id=\"nota32\"><strong>32&nbsp;<\/strong>Demi\u00e1n Bedny (seud\u00f3nimo de Yefim A. Pridvorov, 1883-1945) escribi\u00f3 el libreto para una \u00f3pera, <em>Los caballeros<\/em> [<em>Bogatyri<\/em>], que fue muy criticada despu\u00e9s de su primera presentaci\u00f3n en 1936.<\/p>\n\n\n\n<p class=\"has-small-font-size\" id=\"nota33\"><strong>33&nbsp;<\/strong>Kuzm\u00e1 Minin, un carnicero de Nizhni N\u00f3vgorod, y el Pr\u00edncipe Dmitri M. Pozharsky (1578-1642) fueron l\u00edderes de la resistencia rusa frente a la invasi\u00f3n polaca y sueca. Un monumento a ellos, erigido por suscripci\u00f3n p\u00fablica en la Plaza Roja de Mosc\u00fa en 1818, fue trasladado a su ubicaci\u00f3n actual luego de la construcci\u00f3n del Mausoleo de Lenin en 1930.<\/p>\n\n\n\n<p class=\"has-small-font-size\" id=\"nota34\"><strong>34&nbsp;<\/strong>El papel del Pr\u00edncipe Andr\u00e9i Kurbski fue interpretado por Michail Nasvanov (1914-64); el de Vladimir St\u00e1ritski, el primo de Iv\u00e1n, por Pavel P. K\u00e1dochnikov (1915-88), quien hab\u00eda interpretado su primer rol en pantalla a los veinte a\u00f1os.<\/p>\n\n\n\n<p class=\"has-small-font-size\" id=\"nota35\"><strong>35&nbsp;<\/strong>Iv\u00e1n G. Bolshakov (1902-80) fue nombrado Presidente del Comit\u00e9 de Asuntos Cinematogr\u00e1ficos en 1939 y Ministro de Cine en 1946.<\/p>\n\n\n\n<p class=\"has-small-font-size\" id=\"nota36\"><strong>36&nbsp;<\/strong>lli\u00e1 Repin (1844-1930) fue un pintor ruso asociado a la cooperativa conocida como Los Itinerantes, que organizaba exposiciones de sus pinturas realistas a trav\u00e9s de las provincias en un intento de fomentar el inter\u00e9s por el arte.<\/p>\n\n\n\n<p class=\"has-small-font-size\" id=\"nota37\"><strong>37<\/strong>&nbsp;Lyudmila Tselikovskaya (nacida en 1919) interpret\u00f3 el papel de la esposa de Iv\u00e1n, la zarina Anastasia Rom\u00e1novna. Se hab\u00eda formado en el Instituto de Teatro Boris Shchukin en Mosc\u00fa y hab\u00eda trabajado en el Teatro Vajt\u00e1ngov desde 1941. El comentario de Stalin de que era una bailarina, por lo tanto, no debe ser tomado literalmente.<\/p>\n\n\n\n<p class=\"has-small-font-size\" id=\"nota38\"><strong>38<\/strong>\u00a0Eisenstein, como muchos otros directores, fue evacuado a Alma Ata (Kazajist\u00e1n) cuando las fuerzas del Eje se acercaban a Mosc\u00fa durante la Guerra, a finales de 1941. (N. del T.)<\/p>\n\n\n\n<p class=\"has-small-font-size\" id=\"nota39\"><strong>39&nbsp;<\/strong>Mija\u00edl Zharov (1899-1981) interpret\u00f3 el papel de Maliuta Skur\u00e1tov en el film despu\u00e9s de una larga y destacada carrera en cine durante las d\u00e9cadas de 1920 y 1930. No volvi\u00f3 a participar en otra pel\u00edcula hasta los a\u00f1os 60.<\/p>\n\n\n\n<p class=\"has-small-font-size\" id=\"nota40\"><strong>40 <\/strong>Es decir, a la 01:10 a.m. de la ma\u00f1ana del d\u00eda siguiente, el 26 de febrero de 1947.<\/p>\n","protected":false},"excerpt":{"rendered":"<p>Los tres textos que siguen (hasta donde sabemos, in\u00e9ditos en espa\u00f1ol) corresponden a tres d\u00e9cadas distintas, y van desde los inicios de la carrera de Eisenstein \u2014el a\u00f1o siguiente al estreno de &#8220;El acorazado Potemkin&#8221; (1925), cuando ten\u00eda 28 a\u00f1os\u2014 hasta el fin de su carrera y de su vida, durante la producci\u00f3n de la segunda parte de &#8220;Iv\u00e1n el Terrible&#8221;. Tanto en la respuesta a Goebbels como en la reuni\u00f3n con Stalin se aprecia c\u00f3mo las discusiones en torno al cine llegaron a las m\u00e1s altas esferas del poder en reg\u00edmenes antag\u00f3nicos y con intervenciones de primera mano de l\u00edderes pol\u00edticos de relevancia. Los tres textos dan cuenta de los conflictivos v\u00ednculos entre las esferas del arte y la pol\u00edtica, y son un testimonio del cine como arte de Estado en la primera mitad del siglo XX.<\/p>\n","protected":false},"author":8,"featured_media":5777,"comment_status":"open","ping_status":"closed","sticky":false,"template":"","format":"standard","meta":{"_acf_changed":false,"_jetpack_memberships_contains_paid_content":false,"footnotes":""},"categories":[12],"tags":[364,323,170,870,869,867,874,114,875,871,872,868,873],"class_list":{"0":"post-5757","1":"post","2":"type-post","3":"status-publish","4":"format-standard","5":"has-post-thumbnail","7":"category-traiciones","8":"tag-1920s","9":"tag-1930s","10":"tag-1940s","11":"tag-adolf-hitler","12":"tag-andrei-zhdanov","13":"tag-cine-sovietico","14":"tag-cine-y-poder","15":"tag-cine-y-politica","16":"tag-iosif-stalin","17":"tag-joseph-goebbels","18":"tag-nikolai-cherkasov","19":"tag-sergei-m-eisenstein","20":"tag-viacheslav-molotov"},"acf":[],"yoast_head":"<!-- This site is optimized with the Yoast SEO plugin v27.5 - https:\/\/yoast.com\/product\/yoast-seo-wordpress\/ -->\n<title>Tres textos de Sergei M. Eisenstein: &quot;A d\u00f3nde va el Potemkin&quot; + Respuesta a Goebbels + Reuni\u00f3n con Stalin - TAIPEI<\/title>\n<meta name=\"robots\" content=\"index, follow, max-snippet:-1, max-image-preview:large, max-video-preview:-1\" \/>\n<link rel=\"canonical\" href=\"https:\/\/taipeirevista.com\/index.php\/2022\/07\/07\/tres-textos-de-sergei-m-eisenstein-a-donde-va-el-potemkin-respuesta-a-goebbels-reunion-con-stalin\/\" \/>\n<meta property=\"og:locale\" content=\"es_ES\" \/>\n<meta property=\"og:type\" content=\"article\" \/>\n<meta property=\"og:title\" content=\"Tres textos de Sergei M. Eisenstein: &quot;A d\u00f3nde va el Potemkin&quot; + Respuesta a Goebbels + Reuni\u00f3n con Stalin - TAIPEI\" \/>\n<meta property=\"og:description\" content=\"Los tres textos que siguen (hasta donde sabemos, in\u00e9ditos en espa\u00f1ol) corresponden a tres d\u00e9cadas distintas, y van desde los inicios de la carrera de Eisenstein \u2014el a\u00f1o siguiente al estreno de &quot;El acorazado Potemkin&quot; (1925), cuando ten\u00eda 28 a\u00f1os\u2014 hasta el fin de su carrera y de su vida, durante la producci\u00f3n de la segunda parte de &quot;Iv\u00e1n el Terrible&quot;. Tanto en la respuesta a Goebbels como en la reuni\u00f3n con Stalin se aprecia c\u00f3mo las discusiones en torno al cine llegaron a las m\u00e1s altas esferas del poder en reg\u00edmenes antag\u00f3nicos y con intervenciones de primera mano de l\u00edderes pol\u00edticos de relevancia. Los tres textos dan cuenta de los conflictivos v\u00ednculos entre las esferas del arte y la pol\u00edtica, y son un testimonio del cine como arte de Estado en la primera mitad del siglo XX.\" \/>\n<meta property=\"og:url\" content=\"https:\/\/taipeirevista.com\/index.php\/2022\/07\/07\/tres-textos-de-sergei-m-eisenstein-a-donde-va-el-potemkin-respuesta-a-goebbels-reunion-con-stalin\/\" \/>\n<meta property=\"og:site_name\" content=\"TAIPEI\" \/>\n<meta property=\"article:publisher\" content=\"https:\/\/www.facebook.com\/revistataipei\" \/>\n<meta property=\"article:published_time\" content=\"2022-07-07T03:44:09+00:00\" \/>\n<meta property=\"article:modified_time\" content=\"2022-07-24T07:18:14+00:00\" \/>\n<meta property=\"og:image\" content=\"https:\/\/taipeirevista.com\/wp-content\/uploads\/2022\/07\/Ivan-el-Terrible-Parte-2.1.png\" \/>\n\t<meta property=\"og:image:width\" content=\"1488\" \/>\n\t<meta property=\"og:image:height\" content=\"1080\" \/>\n\t<meta property=\"og:image:type\" content=\"image\/png\" \/>\n<meta name=\"author\" content=\"Taipei \/ Cr\u00edtica de cine\" \/>\n<meta name=\"twitter:card\" content=\"summary_large_image\" \/>\n<meta name=\"twitter:creator\" content=\"@taipeicritica\" \/>\n<meta name=\"twitter:site\" content=\"@taipeicritica\" \/>\n<meta name=\"twitter:label1\" content=\"Escrito por\" \/>\n\t<meta name=\"twitter:data1\" content=\"Taipei \/ Cr\u00edtica de cine\" \/>\n\t<meta name=\"twitter:label2\" content=\"Tiempo de lectura\" \/>\n\t<meta name=\"twitter:data2\" content=\"44 minutos\" \/>\n<script type=\"application\/ld+json\" class=\"yoast-schema-graph\">{\"@context\":\"https:\\\/\\\/schema.org\",\"@graph\":[{\"@type\":\"Article\",\"@id\":\"https:\\\/\\\/taipeirevista.com\\\/index.php\\\/2022\\\/07\\\/07\\\/tres-textos-de-sergei-m-eisenstein-a-donde-va-el-potemkin-respuesta-a-goebbels-reunion-con-stalin\\\/#article\",\"isPartOf\":{\"@id\":\"https:\\\/\\\/taipeirevista.com\\\/index.php\\\/2022\\\/07\\\/07\\\/tres-textos-de-sergei-m-eisenstein-a-donde-va-el-potemkin-respuesta-a-goebbels-reunion-con-stalin\\\/\"},\"author\":{\"name\":\"Taipei \\\/ Cr\u00edtica de cine\",\"@id\":\"https:\\\/\\\/taipeirevista.com\\\/#\\\/schema\\\/person\\\/9aa8acb0500ba66e9e13f0cda1ec4314\"},\"headline\":\"Tres textos de Sergei M. Eisenstein: &#8220;A d\u00f3nde va el Potemkin&#8221; + Respuesta a Goebbels + Reuni\u00f3n con Stalin\",\"datePublished\":\"2022-07-07T03:44:09+00:00\",\"dateModified\":\"2022-07-24T07:18:14+00:00\",\"mainEntityOfPage\":{\"@id\":\"https:\\\/\\\/taipeirevista.com\\\/index.php\\\/2022\\\/07\\\/07\\\/tres-textos-de-sergei-m-eisenstein-a-donde-va-el-potemkin-respuesta-a-goebbels-reunion-con-stalin\\\/\"},\"wordCount\":8898,\"commentCount\":0,\"publisher\":{\"@id\":\"https:\\\/\\\/taipeirevista.com\\\/#organization\"},\"image\":{\"@id\":\"https:\\\/\\\/taipeirevista.com\\\/index.php\\\/2022\\\/07\\\/07\\\/tres-textos-de-sergei-m-eisenstein-a-donde-va-el-potemkin-respuesta-a-goebbels-reunion-con-stalin\\\/#primaryimage\"},\"thumbnailUrl\":\"https:\\\/\\\/taipeirevista.com\\\/wp-content\\\/uploads\\\/2022\\\/07\\\/Ivan-el-Terrible-Parte-2.1.png\",\"keywords\":[\"1920s\",\"1930s\",\"1940s\",\"Adolf Hitler\",\"Andr\u00e9i Zhd\u00e1nov\",\"Cine sovi\u00e9tico\",\"Cine y poder\",\"Cine y pol\u00edtica\",\"I\u00f3sif Stalin\",\"Joseph Goebbels\",\"Nikolai Cherkasov\",\"Sergei M. Eisenstein\",\"Viacheslav M\u00f3lotov\"],\"articleSection\":[\"Traiciones\"],\"inLanguage\":\"es-AR\",\"potentialAction\":[{\"@type\":\"CommentAction\",\"name\":\"Comment\",\"target\":[\"https:\\\/\\\/taipeirevista.com\\\/index.php\\\/2022\\\/07\\\/07\\\/tres-textos-de-sergei-m-eisenstein-a-donde-va-el-potemkin-respuesta-a-goebbels-reunion-con-stalin\\\/#respond\"]}]},{\"@type\":\"WebPage\",\"@id\":\"https:\\\/\\\/taipeirevista.com\\\/index.php\\\/2022\\\/07\\\/07\\\/tres-textos-de-sergei-m-eisenstein-a-donde-va-el-potemkin-respuesta-a-goebbels-reunion-con-stalin\\\/\",\"url\":\"https:\\\/\\\/taipeirevista.com\\\/index.php\\\/2022\\\/07\\\/07\\\/tres-textos-de-sergei-m-eisenstein-a-donde-va-el-potemkin-respuesta-a-goebbels-reunion-con-stalin\\\/\",\"name\":\"Tres textos de Sergei M. Eisenstein: \\\"A d\u00f3nde va el Potemkin\\\" + Respuesta a Goebbels + Reuni\u00f3n con Stalin - TAIPEI\",\"isPartOf\":{\"@id\":\"https:\\\/\\\/taipeirevista.com\\\/#website\"},\"primaryImageOfPage\":{\"@id\":\"https:\\\/\\\/taipeirevista.com\\\/index.php\\\/2022\\\/07\\\/07\\\/tres-textos-de-sergei-m-eisenstein-a-donde-va-el-potemkin-respuesta-a-goebbels-reunion-con-stalin\\\/#primaryimage\"},\"image\":{\"@id\":\"https:\\\/\\\/taipeirevista.com\\\/index.php\\\/2022\\\/07\\\/07\\\/tres-textos-de-sergei-m-eisenstein-a-donde-va-el-potemkin-respuesta-a-goebbels-reunion-con-stalin\\\/#primaryimage\"},\"thumbnailUrl\":\"https:\\\/\\\/taipeirevista.com\\\/wp-content\\\/uploads\\\/2022\\\/07\\\/Ivan-el-Terrible-Parte-2.1.png\",\"datePublished\":\"2022-07-07T03:44:09+00:00\",\"dateModified\":\"2022-07-24T07:18:14+00:00\",\"breadcrumb\":{\"@id\":\"https:\\\/\\\/taipeirevista.com\\\/index.php\\\/2022\\\/07\\\/07\\\/tres-textos-de-sergei-m-eisenstein-a-donde-va-el-potemkin-respuesta-a-goebbels-reunion-con-stalin\\\/#breadcrumb\"},\"inLanguage\":\"es-AR\",\"potentialAction\":[{\"@type\":\"ReadAction\",\"target\":[\"https:\\\/\\\/taipeirevista.com\\\/index.php\\\/2022\\\/07\\\/07\\\/tres-textos-de-sergei-m-eisenstein-a-donde-va-el-potemkin-respuesta-a-goebbels-reunion-con-stalin\\\/\"]}]},{\"@type\":\"ImageObject\",\"inLanguage\":\"es-AR\",\"@id\":\"https:\\\/\\\/taipeirevista.com\\\/index.php\\\/2022\\\/07\\\/07\\\/tres-textos-de-sergei-m-eisenstein-a-donde-va-el-potemkin-respuesta-a-goebbels-reunion-con-stalin\\\/#primaryimage\",\"url\":\"https:\\\/\\\/taipeirevista.com\\\/wp-content\\\/uploads\\\/2022\\\/07\\\/Ivan-el-Terrible-Parte-2.1.png\",\"contentUrl\":\"https:\\\/\\\/taipeirevista.com\\\/wp-content\\\/uploads\\\/2022\\\/07\\\/Ivan-el-Terrible-Parte-2.1.png\",\"width\":1488,\"height\":1080},{\"@type\":\"BreadcrumbList\",\"@id\":\"https:\\\/\\\/taipeirevista.com\\\/index.php\\\/2022\\\/07\\\/07\\\/tres-textos-de-sergei-m-eisenstein-a-donde-va-el-potemkin-respuesta-a-goebbels-reunion-con-stalin\\\/#breadcrumb\",\"itemListElement\":[{\"@type\":\"ListItem\",\"position\":1,\"name\":\"Inicio\",\"item\":\"https:\\\/\\\/taipeirevista.com\\\/\"},{\"@type\":\"ListItem\",\"position\":2,\"name\":\"Tres textos de Sergei M. Eisenstein: &#8220;A d\u00f3nde va el Potemkin&#8221; + Respuesta a Goebbels + Reuni\u00f3n con Stalin\"}]},{\"@type\":\"WebSite\",\"@id\":\"https:\\\/\\\/taipeirevista.com\\\/#website\",\"url\":\"https:\\\/\\\/taipeirevista.com\\\/\",\"name\":\"TAIPEI\",\"description\":\"Cr\u00edtica de cine\",\"publisher\":{\"@id\":\"https:\\\/\\\/taipeirevista.com\\\/#organization\"},\"potentialAction\":[{\"@type\":\"SearchAction\",\"target\":{\"@type\":\"EntryPoint\",\"urlTemplate\":\"https:\\\/\\\/taipeirevista.com\\\/?s={search_term_string}\"},\"query-input\":{\"@type\":\"PropertyValueSpecification\",\"valueRequired\":true,\"valueName\":\"search_term_string\"}}],\"inLanguage\":\"es-AR\"},{\"@type\":\"Organization\",\"@id\":\"https:\\\/\\\/taipeirevista.com\\\/#organization\",\"name\":\"Taipei \\\/ Cr\u00edtica de cine\",\"url\":\"https:\\\/\\\/taipeirevista.com\\\/\",\"logo\":{\"@type\":\"ImageObject\",\"inLanguage\":\"es-AR\",\"@id\":\"https:\\\/\\\/taipeirevista.com\\\/#\\\/schema\\\/logo\\\/image\\\/\",\"url\":\"https:\\\/\\\/taipeirevista.com\\\/wp-content\\\/uploads\\\/2022\\\/08\\\/TAIPEI-LOGO-1.1-SIN-GRIS.png\",\"contentUrl\":\"https:\\\/\\\/taipeirevista.com\\\/wp-content\\\/uploads\\\/2022\\\/08\\\/TAIPEI-LOGO-1.1-SIN-GRIS.png\",\"width\":599,\"height\":599,\"caption\":\"Taipei \\\/ Cr\u00edtica de cine\"},\"image\":{\"@id\":\"https:\\\/\\\/taipeirevista.com\\\/#\\\/schema\\\/logo\\\/image\\\/\"},\"sameAs\":[\"https:\\\/\\\/www.facebook.com\\\/revistataipei\",\"https:\\\/\\\/x.com\\\/taipeicritica\",\"https:\\\/\\\/www.instagram.com\\\/taipeicritica\\\/\"]},{\"@type\":\"Person\",\"@id\":\"https:\\\/\\\/taipeirevista.com\\\/#\\\/schema\\\/person\\\/9aa8acb0500ba66e9e13f0cda1ec4314\",\"name\":\"Taipei \\\/ Cr\u00edtica de cine\",\"image\":{\"@type\":\"ImageObject\",\"inLanguage\":\"es-AR\",\"@id\":\"https:\\\/\\\/secure.gravatar.com\\\/avatar\\\/94254605e4d7985c35dbb31bbea973b0929afc68ae2d9f15560c8659f3b795f3?s=96&d=mm&r=g\",\"url\":\"https:\\\/\\\/secure.gravatar.com\\\/avatar\\\/94254605e4d7985c35dbb31bbea973b0929afc68ae2d9f15560c8659f3b795f3?s=96&d=mm&r=g\",\"contentUrl\":\"https:\\\/\\\/secure.gravatar.com\\\/avatar\\\/94254605e4d7985c35dbb31bbea973b0929afc68ae2d9f15560c8659f3b795f3?s=96&d=mm&r=g\",\"caption\":\"Taipei \\\/ Cr\u00edtica de cine\"},\"url\":\"https:\\\/\\\/taipeirevista.com\\\/index.php\\\/author\\\/taipei\\\/\"}]}<\/script>\n<!-- \/ Yoast SEO plugin. -->","yoast_head_json":{"title":"Tres textos de Sergei M. Eisenstein: \"A d\u00f3nde va el Potemkin\" + Respuesta a Goebbels + Reuni\u00f3n con Stalin - TAIPEI","robots":{"index":"index","follow":"follow","max-snippet":"max-snippet:-1","max-image-preview":"max-image-preview:large","max-video-preview":"max-video-preview:-1"},"canonical":"https:\/\/taipeirevista.com\/index.php\/2022\/07\/07\/tres-textos-de-sergei-m-eisenstein-a-donde-va-el-potemkin-respuesta-a-goebbels-reunion-con-stalin\/","og_locale":"es_ES","og_type":"article","og_title":"Tres textos de Sergei M. Eisenstein: \"A d\u00f3nde va el Potemkin\" + Respuesta a Goebbels + Reuni\u00f3n con Stalin - TAIPEI","og_description":"Los tres textos que siguen (hasta donde sabemos, in\u00e9ditos en espa\u00f1ol) corresponden a tres d\u00e9cadas distintas, y van desde los inicios de la carrera de Eisenstein \u2014el a\u00f1o siguiente al estreno de \"El acorazado Potemkin\" (1925), cuando ten\u00eda 28 a\u00f1os\u2014 hasta el fin de su carrera y de su vida, durante la producci\u00f3n de la segunda parte de \"Iv\u00e1n el Terrible\". Tanto en la respuesta a Goebbels como en la reuni\u00f3n con Stalin se aprecia c\u00f3mo las discusiones en torno al cine llegaron a las m\u00e1s altas esferas del poder en reg\u00edmenes antag\u00f3nicos y con intervenciones de primera mano de l\u00edderes pol\u00edticos de relevancia. Los tres textos dan cuenta de los conflictivos v\u00ednculos entre las esferas del arte y la pol\u00edtica, y son un testimonio del cine como arte de Estado en la primera mitad del siglo XX.","og_url":"https:\/\/taipeirevista.com\/index.php\/2022\/07\/07\/tres-textos-de-sergei-m-eisenstein-a-donde-va-el-potemkin-respuesta-a-goebbels-reunion-con-stalin\/","og_site_name":"TAIPEI","article_publisher":"https:\/\/www.facebook.com\/revistataipei","article_published_time":"2022-07-07T03:44:09+00:00","article_modified_time":"2022-07-24T07:18:14+00:00","og_image":[{"width":1488,"height":1080,"url":"https:\/\/taipeirevista.com\/wp-content\/uploads\/2022\/07\/Ivan-el-Terrible-Parte-2.1.png","type":"image\/png"}],"author":"Taipei \/ Cr\u00edtica de cine","twitter_card":"summary_large_image","twitter_creator":"@taipeicritica","twitter_site":"@taipeicritica","twitter_misc":{"Escrito por":"Taipei \/ Cr\u00edtica de cine","Tiempo de lectura":"44 minutos"},"schema":{"@context":"https:\/\/schema.org","@graph":[{"@type":"Article","@id":"https:\/\/taipeirevista.com\/index.php\/2022\/07\/07\/tres-textos-de-sergei-m-eisenstein-a-donde-va-el-potemkin-respuesta-a-goebbels-reunion-con-stalin\/#article","isPartOf":{"@id":"https:\/\/taipeirevista.com\/index.php\/2022\/07\/07\/tres-textos-de-sergei-m-eisenstein-a-donde-va-el-potemkin-respuesta-a-goebbels-reunion-con-stalin\/"},"author":{"name":"Taipei \/ Cr\u00edtica de cine","@id":"https:\/\/taipeirevista.com\/#\/schema\/person\/9aa8acb0500ba66e9e13f0cda1ec4314"},"headline":"Tres textos de Sergei M. Eisenstein: &#8220;A d\u00f3nde va el Potemkin&#8221; + Respuesta a Goebbels + Reuni\u00f3n con Stalin","datePublished":"2022-07-07T03:44:09+00:00","dateModified":"2022-07-24T07:18:14+00:00","mainEntityOfPage":{"@id":"https:\/\/taipeirevista.com\/index.php\/2022\/07\/07\/tres-textos-de-sergei-m-eisenstein-a-donde-va-el-potemkin-respuesta-a-goebbels-reunion-con-stalin\/"},"wordCount":8898,"commentCount":0,"publisher":{"@id":"https:\/\/taipeirevista.com\/#organization"},"image":{"@id":"https:\/\/taipeirevista.com\/index.php\/2022\/07\/07\/tres-textos-de-sergei-m-eisenstein-a-donde-va-el-potemkin-respuesta-a-goebbels-reunion-con-stalin\/#primaryimage"},"thumbnailUrl":"https:\/\/taipeirevista.com\/wp-content\/uploads\/2022\/07\/Ivan-el-Terrible-Parte-2.1.png","keywords":["1920s","1930s","1940s","Adolf Hitler","Andr\u00e9i Zhd\u00e1nov","Cine sovi\u00e9tico","Cine y poder","Cine y pol\u00edtica","I\u00f3sif Stalin","Joseph Goebbels","Nikolai Cherkasov","Sergei M. Eisenstein","Viacheslav M\u00f3lotov"],"articleSection":["Traiciones"],"inLanguage":"es-AR","potentialAction":[{"@type":"CommentAction","name":"Comment","target":["https:\/\/taipeirevista.com\/index.php\/2022\/07\/07\/tres-textos-de-sergei-m-eisenstein-a-donde-va-el-potemkin-respuesta-a-goebbels-reunion-con-stalin\/#respond"]}]},{"@type":"WebPage","@id":"https:\/\/taipeirevista.com\/index.php\/2022\/07\/07\/tres-textos-de-sergei-m-eisenstein-a-donde-va-el-potemkin-respuesta-a-goebbels-reunion-con-stalin\/","url":"https:\/\/taipeirevista.com\/index.php\/2022\/07\/07\/tres-textos-de-sergei-m-eisenstein-a-donde-va-el-potemkin-respuesta-a-goebbels-reunion-con-stalin\/","name":"Tres textos de Sergei M. Eisenstein: \"A d\u00f3nde va el Potemkin\" + Respuesta a Goebbels + Reuni\u00f3n con Stalin - TAIPEI","isPartOf":{"@id":"https:\/\/taipeirevista.com\/#website"},"primaryImageOfPage":{"@id":"https:\/\/taipeirevista.com\/index.php\/2022\/07\/07\/tres-textos-de-sergei-m-eisenstein-a-donde-va-el-potemkin-respuesta-a-goebbels-reunion-con-stalin\/#primaryimage"},"image":{"@id":"https:\/\/taipeirevista.com\/index.php\/2022\/07\/07\/tres-textos-de-sergei-m-eisenstein-a-donde-va-el-potemkin-respuesta-a-goebbels-reunion-con-stalin\/#primaryimage"},"thumbnailUrl":"https:\/\/taipeirevista.com\/wp-content\/uploads\/2022\/07\/Ivan-el-Terrible-Parte-2.1.png","datePublished":"2022-07-07T03:44:09+00:00","dateModified":"2022-07-24T07:18:14+00:00","breadcrumb":{"@id":"https:\/\/taipeirevista.com\/index.php\/2022\/07\/07\/tres-textos-de-sergei-m-eisenstein-a-donde-va-el-potemkin-respuesta-a-goebbels-reunion-con-stalin\/#breadcrumb"},"inLanguage":"es-AR","potentialAction":[{"@type":"ReadAction","target":["https:\/\/taipeirevista.com\/index.php\/2022\/07\/07\/tres-textos-de-sergei-m-eisenstein-a-donde-va-el-potemkin-respuesta-a-goebbels-reunion-con-stalin\/"]}]},{"@type":"ImageObject","inLanguage":"es-AR","@id":"https:\/\/taipeirevista.com\/index.php\/2022\/07\/07\/tres-textos-de-sergei-m-eisenstein-a-donde-va-el-potemkin-respuesta-a-goebbels-reunion-con-stalin\/#primaryimage","url":"https:\/\/taipeirevista.com\/wp-content\/uploads\/2022\/07\/Ivan-el-Terrible-Parte-2.1.png","contentUrl":"https:\/\/taipeirevista.com\/wp-content\/uploads\/2022\/07\/Ivan-el-Terrible-Parte-2.1.png","width":1488,"height":1080},{"@type":"BreadcrumbList","@id":"https:\/\/taipeirevista.com\/index.php\/2022\/07\/07\/tres-textos-de-sergei-m-eisenstein-a-donde-va-el-potemkin-respuesta-a-goebbels-reunion-con-stalin\/#breadcrumb","itemListElement":[{"@type":"ListItem","position":1,"name":"Inicio","item":"https:\/\/taipeirevista.com\/"},{"@type":"ListItem","position":2,"name":"Tres textos de Sergei M. Eisenstein: &#8220;A d\u00f3nde va el Potemkin&#8221; + Respuesta a Goebbels + Reuni\u00f3n con Stalin"}]},{"@type":"WebSite","@id":"https:\/\/taipeirevista.com\/#website","url":"https:\/\/taipeirevista.com\/","name":"TAIPEI","description":"Cr\u00edtica de cine","publisher":{"@id":"https:\/\/taipeirevista.com\/#organization"},"potentialAction":[{"@type":"SearchAction","target":{"@type":"EntryPoint","urlTemplate":"https:\/\/taipeirevista.com\/?s={search_term_string}"},"query-input":{"@type":"PropertyValueSpecification","valueRequired":true,"valueName":"search_term_string"}}],"inLanguage":"es-AR"},{"@type":"Organization","@id":"https:\/\/taipeirevista.com\/#organization","name":"Taipei \/ Cr\u00edtica de cine","url":"https:\/\/taipeirevista.com\/","logo":{"@type":"ImageObject","inLanguage":"es-AR","@id":"https:\/\/taipeirevista.com\/#\/schema\/logo\/image\/","url":"https:\/\/taipeirevista.com\/wp-content\/uploads\/2022\/08\/TAIPEI-LOGO-1.1-SIN-GRIS.png","contentUrl":"https:\/\/taipeirevista.com\/wp-content\/uploads\/2022\/08\/TAIPEI-LOGO-1.1-SIN-GRIS.png","width":599,"height":599,"caption":"Taipei \/ Cr\u00edtica de cine"},"image":{"@id":"https:\/\/taipeirevista.com\/#\/schema\/logo\/image\/"},"sameAs":["https:\/\/www.facebook.com\/revistataipei","https:\/\/x.com\/taipeicritica","https:\/\/www.instagram.com\/taipeicritica\/"]},{"@type":"Person","@id":"https:\/\/taipeirevista.com\/#\/schema\/person\/9aa8acb0500ba66e9e13f0cda1ec4314","name":"Taipei \/ Cr\u00edtica de cine","image":{"@type":"ImageObject","inLanguage":"es-AR","@id":"https:\/\/secure.gravatar.com\/avatar\/94254605e4d7985c35dbb31bbea973b0929afc68ae2d9f15560c8659f3b795f3?s=96&d=mm&r=g","url":"https:\/\/secure.gravatar.com\/avatar\/94254605e4d7985c35dbb31bbea973b0929afc68ae2d9f15560c8659f3b795f3?s=96&d=mm&r=g","contentUrl":"https:\/\/secure.gravatar.com\/avatar\/94254605e4d7985c35dbb31bbea973b0929afc68ae2d9f15560c8659f3b795f3?s=96&d=mm&r=g","caption":"Taipei \/ Cr\u00edtica de cine"},"url":"https:\/\/taipeirevista.com\/index.php\/author\/taipei\/"}]}},"jetpack_featured_media_url":"https:\/\/taipeirevista.com\/wp-content\/uploads\/2022\/07\/Ivan-el-Terrible-Parte-2.1.png","jetpack_sharing_enabled":true,"_links":{"self":[{"href":"https:\/\/taipeirevista.com\/index.php\/wp-json\/wp\/v2\/posts\/5757","targetHints":{"allow":["GET"]}}],"collection":[{"href":"https:\/\/taipeirevista.com\/index.php\/wp-json\/wp\/v2\/posts"}],"about":[{"href":"https:\/\/taipeirevista.com\/index.php\/wp-json\/wp\/v2\/types\/post"}],"author":[{"embeddable":true,"href":"https:\/\/taipeirevista.com\/index.php\/wp-json\/wp\/v2\/users\/8"}],"replies":[{"embeddable":true,"href":"https:\/\/taipeirevista.com\/index.php\/wp-json\/wp\/v2\/comments?post=5757"}],"version-history":[{"count":12,"href":"https:\/\/taipeirevista.com\/index.php\/wp-json\/wp\/v2\/posts\/5757\/revisions"}],"predecessor-version":[{"id":5901,"href":"https:\/\/taipeirevista.com\/index.php\/wp-json\/wp\/v2\/posts\/5757\/revisions\/5901"}],"wp:featuredmedia":[{"embeddable":true,"href":"https:\/\/taipeirevista.com\/index.php\/wp-json\/wp\/v2\/media\/5777"}],"wp:attachment":[{"href":"https:\/\/taipeirevista.com\/index.php\/wp-json\/wp\/v2\/media?parent=5757"}],"wp:term":[{"taxonomy":"category","embeddable":true,"href":"https:\/\/taipeirevista.com\/index.php\/wp-json\/wp\/v2\/categories?post=5757"},{"taxonomy":"post_tag","embeddable":true,"href":"https:\/\/taipeirevista.com\/index.php\/wp-json\/wp\/v2\/tags?post=5757"}],"curies":[{"name":"wp","href":"https:\/\/api.w.org\/{rel}","templated":true}]}}