{"id":8429,"date":"2023-09-20T13:57:26","date_gmt":"2023-09-20T13:57:26","guid":{"rendered":"https:\/\/taipeirevista.com\/?p=8429"},"modified":"2023-09-20T13:57:34","modified_gmt":"2023-09-20T13:57:34","slug":"5-ficer-espacio","status":"publish","type":"post","link":"https:\/\/taipeirevista.com\/index.php\/2023\/09\/20\/5-ficer-espacio\/","title":{"rendered":"5\u00b0 FICER: Espacio"},"content":{"rendered":"\n<p>Disyuntiva dif\u00edcil la del cin\u00e9filx viajerx: en un mismo fin de semana hubo que optar entre la retrospectiva completa de Hugo del Carril, organizada en C\u00f3rdoba en el Cineclub Municipal hom\u00f3nimo por <em>La vida \u00fatil<\/em>, y la quinta edici\u00f3n del Festival Internacional de Cine de Entre R\u00edos, mejor conocido como FICER. Para ser justos, en lugar de tirar una moneda o so\u00f1ar con clonaciones y hologramas improbables, resolvimos viajar al festival que nos hubiera invitado primero. Terminamos en un micro de larga distancia hacia Paran\u00e1.&nbsp;<\/p>\n\n\n\n<p>En el ecosistema nacional de circulaci\u00f3n y exhibici\u00f3n cinematogr\u00e1fica, el FICER tal vez sea un festival menor. Por su juventud \u2014lleva solo cinco ediciones\u2014, por el lastre de \u201clo provincial\u201d en la cultura argentina \u2014naturalizamos que la gente viaje a Buenos Aires para BAFICI o Mar del Plata, pero, a excepci\u00f3n de un grupito de entusiastas, pocas veces se avistan espec\u00edmenes porte\u00f1os en festivales de otras provincias\u2014, pero tambi\u00e9n, antes que nada, por la reivindicaci\u00f3n necesaria de lo menor como potencia del habla de la minor\u00eda en el contexto de la lengua dominante, tanto en el sentido de acento y dialecto como en el de gram\u00e1tica audiovisual. Desde su eslogan, \u201cUn lugar para vernos\u201d, el FICER decide hablarle a los propios: entiende la tradici\u00f3n litorale\u00f1a como espacio a habitar. En tanto pol\u00edtica cultural, cuenta con subsedes distribuidas en distintas localidades del territorio entrerriano, y organiza sus distintas secciones en forma de c\u00edrculos conc\u00e9ntricos: desde el \u201cCine por entrerrianxs\u201d, pasando por el \u201cPanorama regional\u201d \u2014con estrenos de Formosa, Santa Fe, Misiones y Corrientes, adem\u00e1s del rescate notable de <em>Zoo<\/em>, un cortometraje experimental estrenado en 1969 del chaque\u00f1o Jorge Castillo\u2014 hasta llegar a las secciones tradicionales de \u201cCine nacional\u201d y \u201cCine internacional\u201d.<\/p>\n\n\n<div class=\"wp-block-image\">\n<figure class=\"aligncenter size-large is-resized\"><img fetchpriority=\"high\" decoding=\"async\" src=\"https:\/\/taipeirevista.com\/wp-content\/uploads\/2023\/09\/ficer-8-1024x576.png\" alt=\"\" class=\"wp-image-8444\" style=\"width:597px;height:336px\" width=\"597\" height=\"336\" srcset=\"https:\/\/taipeirevista.com\/wp-content\/uploads\/2023\/09\/ficer-8-1024x576.png 1024w, https:\/\/taipeirevista.com\/wp-content\/uploads\/2023\/09\/ficer-8-300x169.png 300w, https:\/\/taipeirevista.com\/wp-content\/uploads\/2023\/09\/ficer-8-768x432.png 768w, https:\/\/taipeirevista.com\/wp-content\/uploads\/2023\/09\/ficer-8-1536x864.png 1536w, https:\/\/taipeirevista.com\/wp-content\/uploads\/2023\/09\/ficer-8.png 1920w\" sizes=\"(max-width: 597px) 100vw, 597px\" \/><\/figure>\n<\/div>\n\n\n<p>Evidencia del anclaje del festival en tiempo y espacio es la secci\u00f3n \u201c40 a\u00f1os de democracia\u201d, donde, en medio de estrenos como <em>Tres cosas b\u00e1sicas <\/em>o <em>Cr\u00f3nicas del exilio<\/em>, se proyect\u00f3 <em>Juan, como si nada hubiera sucedido <\/em>con un p\u00fablico considerable, teniendo en cuenta el horario de mediatarde. Pero aclaremos r\u00e1pido una cosa: en FICER, la preocupaci\u00f3n por lo propio no deviene ensimismamiento. Eduardo Crespo en el rol de programador art\u00edstico lleva adelante una cacer\u00eda de aerolitos del cine internacional que acaso no vayan a proyectarse otra vez en Argentina. El logro est\u00e1 en que, despu\u00e9s de cuatro d\u00edas pivoteando entre el Centro Provincial de Convenciones y La Vieja Usina, una se vaya del festival con la sensaci\u00f3n de que pel\u00edculas italianas y belgas dialogan secretamente con los ritmos, las playas y la tranquilidad siestera de Entre R\u00edos.<\/p>\n\n\n\n<p>Es el caso de <em>Gigi, la legge<\/em>, cuarto largometraje del italiano Alessandro Comodin. Crespo present\u00f3 la pel\u00edcula enfocado en los reenv\u00edos entre el temperamento pueblerino de la pel\u00edcula y el de los distintos barrios entrerrianos. Desde el prejuicio, una se esperar\u00eda un <em>pacing<\/em> estirado y una ausencia de peripecia. <em>Giggi, la legge<\/em> traiciona las expectativas desde la primera escena: estamos ante una comedia de personaje que no tiene miedo de caminar por los bordes del realismo, as\u00ed como el oficial Gigi rodea las v\u00edas del tren, orillea las casas desde su patrulla o se mete entre los matorrales para investigar qui\u00e9n sabe qu\u00e9 misterio. Es que este es un relato de bordes: \u00bfhasta d\u00f3nde puedo llegar con mi autito de polic\u00eda en un pueblo donde en apariencia nunca pasa nada?, \u00bfhasta d\u00f3nde puedo llegar con esta chica que acabo de conocer a trav\u00e9s de mi <em>walkie talkie<\/em>?, \u00bfhasta d\u00f3nde llega el misterio de los suicidios masivos?, \u00bfd\u00f3nde termina este matorral y empieza algo distinto?<\/p>\n\n\n\n<p>Con todas las letras, Gigi se come la pel\u00edcula. Se gan\u00f3 con honores un lugar privilegiado en nuestro \u00e1lbum de europeos inimputables, al lado de los Monteiros y los Morettis: Gigi es un Jo\u00e3o Vuvu de pueblo. Interpretado por el t\u00edo del director, tiene un carisma que opera de contrapunto del tono ominoso que a veces invade las escenas. La mano del cineasta Jo\u00e3o Nicolau, por su parte, es notable en las decisiones de montaje, que multiplican sentidos y prefieren ante todo la ambig\u00fcedad. Un intercambio con \u00c1lvaro post funci\u00f3n: \u201cEs parecida a <em>Technoboss<\/em>, \u00bfno es cierto?\u201d. \u201cEs que el director, Nicolau, edit\u00f3 <em>Gigi, la legge<\/em>\u201d. Lo que se dice amigazos: ahora descubro que, adem\u00e1s, Comodin edit\u00f3 <em>Technoboss<\/em>.<\/p>\n\n\n\n<figure class=\"wp-block-gallery has-nested-images columns-2 is-cropped wp-block-gallery-1 is-layout-flex wp-block-gallery-is-layout-flex\">\n<figure class=\"wp-block-image size-large\"><img decoding=\"async\" width=\"1024\" height=\"556\" data-id=\"8445\" src=\"https:\/\/taipeirevista.com\/wp-content\/uploads\/2023\/09\/Gigi-la-legge-Alessandro-Comodin-2022.mkv_snapshot_00.33.13_2023.09.19_18.41.41-1024x556.png\" alt=\"\" class=\"wp-image-8445\" srcset=\"https:\/\/taipeirevista.com\/wp-content\/uploads\/2023\/09\/Gigi-la-legge-Alessandro-Comodin-2022.mkv_snapshot_00.33.13_2023.09.19_18.41.41-1024x556.png 1024w, https:\/\/taipeirevista.com\/wp-content\/uploads\/2023\/09\/Gigi-la-legge-Alessandro-Comodin-2022.mkv_snapshot_00.33.13_2023.09.19_18.41.41-300x163.png 300w, https:\/\/taipeirevista.com\/wp-content\/uploads\/2023\/09\/Gigi-la-legge-Alessandro-Comodin-2022.mkv_snapshot_00.33.13_2023.09.19_18.41.41-768x417.png 768w, https:\/\/taipeirevista.com\/wp-content\/uploads\/2023\/09\/Gigi-la-legge-Alessandro-Comodin-2022.mkv_snapshot_00.33.13_2023.09.19_18.41.41.png 1280w\" sizes=\"(max-width: 1024px) 100vw, 1024px\" \/><\/figure>\n\n\n\n<figure class=\"wp-block-image size-large\"><img decoding=\"async\" width=\"1024\" height=\"555\" data-id=\"8446\" src=\"https:\/\/taipeirevista.com\/wp-content\/uploads\/2023\/09\/Gigi-la-legge-Alessandro-Comodin-2022.mkv_snapshot_01.04.40_2023.09.19_18.40.59-1024x555.png\" alt=\"\" class=\"wp-image-8446\" srcset=\"https:\/\/taipeirevista.com\/wp-content\/uploads\/2023\/09\/Gigi-la-legge-Alessandro-Comodin-2022.mkv_snapshot_01.04.40_2023.09.19_18.40.59-1024x555.png 1024w, https:\/\/taipeirevista.com\/wp-content\/uploads\/2023\/09\/Gigi-la-legge-Alessandro-Comodin-2022.mkv_snapshot_01.04.40_2023.09.19_18.40.59-300x163.png 300w, https:\/\/taipeirevista.com\/wp-content\/uploads\/2023\/09\/Gigi-la-legge-Alessandro-Comodin-2022.mkv_snapshot_01.04.40_2023.09.19_18.40.59-768x416.png 768w, https:\/\/taipeirevista.com\/wp-content\/uploads\/2023\/09\/Gigi-la-legge-Alessandro-Comodin-2022.mkv_snapshot_01.04.40_2023.09.19_18.40.59.png 1278w\" sizes=\"(max-width: 1024px) 100vw, 1024px\" \/><\/figure>\n<figcaption class=\"blocks-gallery-caption wp-element-caption\"><em>Gigi la legge<\/em><\/figcaption><\/figure>\n\n\n\n<div style=\"height:17px\" aria-hidden=\"true\" class=\"wp-block-spacer\"><\/div>\n\n\n\n<p>Hace poco m\u00e1s de diez a\u00f1os, Iv\u00e1n Fund estrenaba <em>Me perd\u00ed hace una semana<\/em>, retrato de cuatro personajes cuyas vidas se entrecruzan algo azarosamente en bares, livings y caminatas. El FICER decidi\u00f3 traer la pel\u00edcula al presente, como parte de la secci\u00f3n \u201cCine por entrerrianxs\u201d. Si se quiere corroborar el paralelismo que propuso Crespo entre pueblos de provincia de distintas latitudes, ser\u00eda cosa de jugar a las diez diferencias entre <em>Giggi, la legge<\/em> y el largometraje de Fund, proyectado d\u00edas despu\u00e9s. La narraci\u00f3n del vagabundeo y la falta de horizontes dram\u00e1ticos claros emparenta las dos pel\u00edculas, que adem\u00e1s coinciden en buscar lo l\u00edrico y lo extra\u00f1o entre bald\u00edos y casas de techos bajos. Hasta ah\u00ed llegan las semejanzas. <em>Me perd\u00ed hace una semana<\/em> no busca personajes carism\u00e1ticos, sino, recordando a M\u00e1rio de Andrade, \u201ch\u00e9roes sin ning\u00fan car\u00e1cter\u201d; no espera la emergencia del humor (que igual encuentra formas de colarse en la pantalla, m\u00e1s que nada en las secuencias protagonizadas por el tarotista del pueblo), sino de alg\u00fan destello de sentido no planificado. Destellos que a veces emergen y a veces no. Mientras tanto, como quien escucha el comentario de un cineasta grabado en el Blu-ray de una pel\u00edcula, ac\u00e1 el campo sonoro habilita la circulaci\u00f3n de metadiscursividad documental sobre la ficci\u00f3n, a trav\u00e9s de las voces en <em>off<\/em> de los actores y actrices. Eva Bianco cuenta que la instancia de filmar siempre es buena, aunque la pel\u00edcula resulte mala. Yasmin Malanca dice que sus peleas con Juan Nanio en la di\u00e9gesis rimaban con las peleas entre ellos de la vida real. As\u00ed, la pel\u00edcula interesa menos como proyecto finalizado (donde habr\u00eda un n\u00famero de problemas para se\u00f1alarle) que como documento de una experimentaci\u00f3n.\u00a0<\/p>\n\n\n\n<p>Parece una constante, en las pel\u00edculas de esta edici\u00f3n del FICER, el intento de asediar un espacio. Que la cuenten los lugares, parece decir el festival. \u201cUn lugar para vernos\u201d, s\u00ed, pero tambi\u00e9n: \u201cPara vernos en un lugar\u201d. Algunos promueven la estad\u00eda, con costumbres y rutinas arraigadas. Otros, lugares de paso, nos ahuyentan, mientras, m\u00e1s que encontrarnos, nos saludamos o nos despedimos. En su \u00faltima pel\u00edcula, Gustavo Font\u00e1n, enfocado en el ir y venir de los micros de la terminal de La Falda, sin embargo no filma despedidas. Sabe que est\u00e1n latiendo en el fuera de campo, y no las necesita. Porque, gracias a las historias de amor que cuentan pasajeros an\u00f3nimos en <em>off<\/em>, <em>La terminal<\/em> evoca un afecto que hace pensar en el melodrama. En la historia del cine existe una saturaci\u00f3n de escenas donde alguien se sube a un tren o un colectivo, ya sea por deseo o desencanto. \u00bfD\u00f3nde si no educamos la mirada para ver terminales y asociarlas con el amor perdido? La m\u00fasica que encuentra el sonidista Atilio Sanchez en los pasillos de la terminal, los artistas callejeros, los tangos y las canciones de Leonardo Favio confirman esa especie de argentinidad melodram\u00e1tica que circula como un anacronismo en espacios de tr\u00e1nsito.\u00a0<\/p>\n\n\n\n<p>La b\u00fasqueda perceptiva habitual en el cine de Font\u00e1n, de vidrios que refractan la luz del sol y bancos a la sombra, con algunos planos desenfocados que tratan de ver en los objetos una verdad escondida por la tiran\u00eda de la nitidez, ac\u00e1 est\u00e1 tensionada por algo en apariencia tan meloso como lo es la pregunta por el amor. En un contrapunto virtuoso por lo inesperado, <em>La terminal<\/em> nunca llega a ser cursi: las voces en <em>off <\/em>de los pasajeros bajan a tierra las im\u00e1genes. La cristalizaci\u00f3n de lo que es el amor seg\u00fan el inconsciente colectivo negocia con un campo sensorial abierto y fantasm\u00e1tico.&nbsp;<\/p>\n\n\n\n<figure class=\"wp-block-gallery has-nested-images columns-2 is-cropped wp-block-gallery-2 is-layout-flex wp-block-gallery-is-layout-flex\">\n<figure class=\"wp-block-image size-large\"><img loading=\"lazy\" decoding=\"async\" width=\"1024\" height=\"554\" data-id=\"8449\" src=\"https:\/\/taipeirevista.com\/wp-content\/uploads\/2023\/09\/la-terminal-1-1024x554.webp\" alt=\"\" class=\"wp-image-8449\" srcset=\"https:\/\/taipeirevista.com\/wp-content\/uploads\/2023\/09\/la-terminal-1-1024x554.webp 1024w, https:\/\/taipeirevista.com\/wp-content\/uploads\/2023\/09\/la-terminal-1-300x162.webp 300w, https:\/\/taipeirevista.com\/wp-content\/uploads\/2023\/09\/la-terminal-1-768x415.webp 768w, https:\/\/taipeirevista.com\/wp-content\/uploads\/2023\/09\/la-terminal-1-1536x830.webp 1536w, https:\/\/taipeirevista.com\/wp-content\/uploads\/2023\/09\/la-terminal-1.webp 1998w\" sizes=\"(max-width: 1024px) 100vw, 1024px\" \/><\/figure>\n\n\n\n<figure class=\"wp-block-image size-large\"><img loading=\"lazy\" decoding=\"async\" width=\"1024\" height=\"554\" data-id=\"8447\" src=\"https:\/\/taipeirevista.com\/wp-content\/uploads\/2023\/09\/la-terminal-2-1024x554.webp\" alt=\"\" class=\"wp-image-8447\" srcset=\"https:\/\/taipeirevista.com\/wp-content\/uploads\/2023\/09\/la-terminal-2-1024x554.webp 1024w, https:\/\/taipeirevista.com\/wp-content\/uploads\/2023\/09\/la-terminal-2-300x162.webp 300w, https:\/\/taipeirevista.com\/wp-content\/uploads\/2023\/09\/la-terminal-2-768x415.webp 768w, https:\/\/taipeirevista.com\/wp-content\/uploads\/2023\/09\/la-terminal-2-1536x830.webp 1536w, https:\/\/taipeirevista.com\/wp-content\/uploads\/2023\/09\/la-terminal-2.webp 1998w\" sizes=\"(max-width: 1024px) 100vw, 1024px\" \/><\/figure>\n\n\n\n<figure class=\"wp-block-image size-large\"><img loading=\"lazy\" decoding=\"async\" width=\"1024\" height=\"612\" data-id=\"8448\" src=\"https:\/\/taipeirevista.com\/wp-content\/uploads\/2023\/09\/la-terminal-4-1024x612.webp\" alt=\"\" class=\"wp-image-8448\" srcset=\"https:\/\/taipeirevista.com\/wp-content\/uploads\/2023\/09\/la-terminal-4-1024x612.webp 1024w, https:\/\/taipeirevista.com\/wp-content\/uploads\/2023\/09\/la-terminal-4-300x179.webp 300w, https:\/\/taipeirevista.com\/wp-content\/uploads\/2023\/09\/la-terminal-4-768x459.webp 768w, https:\/\/taipeirevista.com\/wp-content\/uploads\/2023\/09\/la-terminal-4-1536x919.webp 1536w, https:\/\/taipeirevista.com\/wp-content\/uploads\/2023\/09\/la-terminal-4-2048x1225.webp 2048w\" sizes=\"(max-width: 1024px) 100vw, 1024px\" \/><\/figure>\n<figcaption class=\"blocks-gallery-caption wp-element-caption\"><em>La terminal<\/em><\/figcaption><\/figure>\n\n\n\n<div style=\"height:17px\" aria-hidden=\"true\" class=\"wp-block-spacer\"><\/div>\n\n\n\n<p>Si para Marc Aug\u00e9 los no-lugares son espacios donde las personas se vuelven an\u00f3nimas, Gustavo Font\u00e1n fija la c\u00e1mara en personas sin nombre hasta encontrarles singularidades y, por si fuera poco, les pide que relaten el amor, es decir, la intimidad: as\u00ed los dignifica. Tal vez por eso la fotograf\u00eda de Ezequiel Salinas se obsesiona con activar los m\u00e1rgenes del plano, eso que suele ser el fondo en cualquier composici\u00f3n visual, pero que ac\u00e1 se llena de valijas, de pies, de colectivos. El margen es el centro, sin dejar de ser margen: tal parece ser el <em>ars poetica<\/em>, principio constructivo que encierra una pol\u00edtica del cine.<\/p>\n\n\n\n<p>Algunas pel\u00edculas incitan dispersi\u00f3n. Otras, introspecci\u00f3n. <em>La terminal<\/em> es del segundo tipo. En sus micros hay mucha gente sola. Ensimismada. Trabajadores forzados al viaje cotidiano, j\u00f3venes que visitan a sus seres queridos. Todas esas cabezas que miran celulares o se apoyan contra la ventanilla riman con las cabezas de quienes las miramos en la sala de cine. Por eso, repito, introspecci\u00f3n: el pacto que propone la pel\u00edcula implica formar parte de los pasillos de la terminal y entregarse a la atenci\u00f3n nerviosa del tiempo que transcurre hasta que llegue el micro (\u00bfser\u00e1 por eso el \u00e9nfasis, en distintas escenas, en la m\u00e1quina de meter monedas para mover una garra y sacar relojes?). Porque, despu\u00e9s de todo, de un lado y del otro de la pantalla hay espectadores en silencio, sentados en butacas, a la espera de algo. <em>La terminal<\/em> te pide que mires hasta el \u00faltimo detalle de un lugar cotidiano para que, en un mismo movimiento, mires a los dem\u00e1s y te mires a vos.\u00a0<\/p>\n\n\n\n<p>Hay algo inquietante en la noci\u00f3n de<em> lugares de tr\u00e1nsito<\/em>. \u201cLugares donde una no est\u00e1\u201d, dir\u00eda la poeta Laura Wittner. \u201cUn sitio es un agua \/ Un agua sin novedad\u201d, contestar\u00eda Spinetta (y espero que musicalicen la lectura con ese temazo). Una variante un poco inesperada de esta noci\u00f3n en el mundo contempor\u00e1neo podr\u00eda darse en algunos videojuegos inmersivos. Se me ocurre llamarlos casi-lugares: no terminan de existir, pero cuando se los invoca retornan, tan semejantes a s\u00ed mismos que producen desconfianza. En el documental <em>We Met in Virtual Reality<\/em>, proyectado uno de los primeros d\u00edas del festival, el brit\u00e1nico Joe Hunting trata de entender uno de estos casi-lugares, el videojuego<em> online<\/em> masivo de realidad virtual VRChat. Parece un chiste leerla en serie con la pel\u00edcula de Font\u00e1n, y un poco lo es, pero en ambas ciertamente hay una voluntad de acercarse a la gente que habita estos espacios con frecuencia. El inter\u00e9s principal de la pel\u00edcula est\u00e1 en el hecho de que transcurre en su totalidad dentro del videojuego. Pasado el asombro de los primeros minutos, <em>We Met in Virtual Reality<\/em> deja ver dos problemas fundamentales: el optimismo y la reiteraci\u00f3n. Donde Font\u00e1n renueva sus acercamientos a trav\u00e9s de procedimientos que favorecen la apertura de sentidos, Hunting sella su discurso audiovisual con puras afirmaciones. La realidad virtual ayuda a la gente, hace que nazcan v\u00ednculos nuevos, posibilita que personas t\u00edmidas salgan del ostracismo. Qu\u00e9 linda mi realidad virtual. As\u00ed por una hora y media, donde los mismos personajes repiten las mismas acciones \u2014dar clases de baile, ense\u00f1ar lenguaje de se\u00f1as, maravillarse por distintos paisajes de p\u00edxeles\u2014 sin cuestionarse nunca qu\u00e9 hacen ah\u00ed.\u00a0<\/p>\n\n\n\n<figure class=\"wp-block-gallery has-nested-images columns-2 is-cropped wp-block-gallery-3 is-layout-flex wp-block-gallery-is-layout-flex\">\n<figure class=\"wp-block-image size-large\"><img loading=\"lazy\" decoding=\"async\" width=\"1024\" height=\"576\" data-id=\"8450\" src=\"https:\/\/taipeirevista.com\/wp-content\/uploads\/2023\/09\/We.Met_.In_.Virtual.Reality.2022.1080p.WEBRip.x264.AAC-YTS.MX_.mp4_snapshot_00.51.27_2023.09.19_18.42.19-1024x576.png\" alt=\"\" class=\"wp-image-8450\" srcset=\"https:\/\/taipeirevista.com\/wp-content\/uploads\/2023\/09\/We.Met_.In_.Virtual.Reality.2022.1080p.WEBRip.x264.AAC-YTS.MX_.mp4_snapshot_00.51.27_2023.09.19_18.42.19-1024x576.png 1024w, https:\/\/taipeirevista.com\/wp-content\/uploads\/2023\/09\/We.Met_.In_.Virtual.Reality.2022.1080p.WEBRip.x264.AAC-YTS.MX_.mp4_snapshot_00.51.27_2023.09.19_18.42.19-300x169.png 300w, https:\/\/taipeirevista.com\/wp-content\/uploads\/2023\/09\/We.Met_.In_.Virtual.Reality.2022.1080p.WEBRip.x264.AAC-YTS.MX_.mp4_snapshot_00.51.27_2023.09.19_18.42.19-768x432.png 768w, https:\/\/taipeirevista.com\/wp-content\/uploads\/2023\/09\/We.Met_.In_.Virtual.Reality.2022.1080p.WEBRip.x264.AAC-YTS.MX_.mp4_snapshot_00.51.27_2023.09.19_18.42.19-1536x864.png 1536w, https:\/\/taipeirevista.com\/wp-content\/uploads\/2023\/09\/We.Met_.In_.Virtual.Reality.2022.1080p.WEBRip.x264.AAC-YTS.MX_.mp4_snapshot_00.51.27_2023.09.19_18.42.19.png 1920w\" sizes=\"(max-width: 1024px) 100vw, 1024px\" \/><\/figure>\n\n\n\n<figure class=\"wp-block-image size-large\"><img loading=\"lazy\" decoding=\"async\" width=\"1024\" height=\"576\" data-id=\"8451\" src=\"https:\/\/taipeirevista.com\/wp-content\/uploads\/2023\/09\/We.Met_.In_.Virtual.Reality.2022.1080p.WEBRip.x264.AAC-YTS.MX_.mp4_snapshot_01.28.09_2023.09.19_18.45.08-1024x576.png\" alt=\"\" class=\"wp-image-8451\" srcset=\"https:\/\/taipeirevista.com\/wp-content\/uploads\/2023\/09\/We.Met_.In_.Virtual.Reality.2022.1080p.WEBRip.x264.AAC-YTS.MX_.mp4_snapshot_01.28.09_2023.09.19_18.45.08-1024x576.png 1024w, https:\/\/taipeirevista.com\/wp-content\/uploads\/2023\/09\/We.Met_.In_.Virtual.Reality.2022.1080p.WEBRip.x264.AAC-YTS.MX_.mp4_snapshot_01.28.09_2023.09.19_18.45.08-300x169.png 300w, https:\/\/taipeirevista.com\/wp-content\/uploads\/2023\/09\/We.Met_.In_.Virtual.Reality.2022.1080p.WEBRip.x264.AAC-YTS.MX_.mp4_snapshot_01.28.09_2023.09.19_18.45.08-768x432.png 768w, https:\/\/taipeirevista.com\/wp-content\/uploads\/2023\/09\/We.Met_.In_.Virtual.Reality.2022.1080p.WEBRip.x264.AAC-YTS.MX_.mp4_snapshot_01.28.09_2023.09.19_18.45.08-1536x864.png 1536w, https:\/\/taipeirevista.com\/wp-content\/uploads\/2023\/09\/We.Met_.In_.Virtual.Reality.2022.1080p.WEBRip.x264.AAC-YTS.MX_.mp4_snapshot_01.28.09_2023.09.19_18.45.08.png 1920w\" sizes=\"(max-width: 1024px) 100vw, 1024px\" \/><\/figure>\n<figcaption class=\"blocks-gallery-caption wp-element-caption\"><em>We Met in Virtual Reality<\/em><\/figcaption><\/figure>\n\n\n\n<div style=\"height:17px\" aria-hidden=\"true\" class=\"wp-block-spacer\"><\/div>\n\n\n\n<p>Tal vez la investigaci\u00f3n m\u00e1s radical de un espacio acotado que haya iluminado las pantallas del FICER sea la que hace de manera oblicua <em>El juicio. <\/em>A partir de la filmaci\u00f3n de las noventa jornadas del juicio a las juntas militares de la \u00faltima dictadura c\u00edvico eclesi\u00e1stico militar empresarial, Ulises de la Orden compone un documental de montaje que no solo es pedag\u00f3gico (en el mejor sentido del t\u00e9rmino) por su modo de agrupar las tensiones y problem\u00e1ticas del juicio en 18 cap\u00edtulos a trav\u00e9s de manchas tem\u00e1ticas que otorgan al discurso una enorme claridad sin perder contundencia, sino tambi\u00e9n profundamente pol\u00edtico. Durante las tres horas de pel\u00edcula el recinto se metamorfosea para volverse casa del horror, cementerio, confesionario, asamblea, lugar de enfrentamientos y de alianzas macabras, pero tambi\u00e9n de escucha, memoria y justicia. En los detalles, <em>El juicio <\/em>encuentra \u00edndices y metonimias. El crucifijo en la pared mientras se habla de complicidad eclesi\u00e1stica en la dictadura, la biblia en manos de Videla, los distintos gestos del fiscal Strassera: el mundo de horrores de la \u00faltima dictadura est\u00e1 ah\u00ed, expl\u00edcito hasta el espanto gracias a los cortes y reencuadres virtuosos que conf\u00edan en el v\u00ednculo entre imagen y verdad. La que probablemente est\u00e9 entre las mejores pel\u00edculas del a\u00f1o pone en pr\u00e1ctica, tambi\u00e9n, el ejercicio de agotar las posibilidades narrativas de un evento y un lugar, con limitaciones evidentes \u2014como el hecho de que las c\u00e1maras solo hayan filmado a lxs testimoniantes de espaldas\u2014 que la pel\u00edcula convierte en potencias \u2014\u00bfpor qu\u00e9 necesitar\u00edamos ver tantas caras en una pel\u00edcula sobre el desenmascaramiento de lo irrepresentable?\u2014. Como dijeron colegas como <a href=\"https:\/\/latierraquema.com\/2023\/09\/05\/planos-de-la-memoria-para-pensar-el-presente-escribe-candelaria-carreno\/\">Candelaria Carre\u00f1o<\/a> o <a href=\"https:\/\/espaciocine.wordpress.com\/2023\/09\/06\/elj\/\">Fernando Varea<\/a>, se trata de una pel\u00edcula que a su vez desenmascara continuidades entre la posdictadura y el presente, entremezcladas sin pudor en el pantano discursivo de la ultraderecha que actualmente disputa la presidencia. <\/p>\n\n\n\n<p>Hay que saber qui\u00e9nes fuimos para entender a d\u00f3nde vamos y, en el mejor de los casos, torcer el rumbo.\u00a0\u201cUn archivo del pasado y una pel\u00edcula que plantea un punto de partida\u201d, anuncia la gacetilla de <em>El juicio<\/em>. Deformo una vez m\u00e1s el eslogan de FICER: \u201cVernos para hacer un lugar\u201d.<\/p>\n\n\n<div class=\"wp-block-image\">\n<figure class=\"aligncenter size-full is-resized\"><img loading=\"lazy\" decoding=\"async\" src=\"https:\/\/taipeirevista.com\/wp-content\/uploads\/2023\/09\/juicio.png\" alt=\"\" class=\"wp-image-8460\" style=\"width:623px;height:470px\" width=\"623\" height=\"470\" srcset=\"https:\/\/taipeirevista.com\/wp-content\/uploads\/2023\/09\/juicio.png 989w, https:\/\/taipeirevista.com\/wp-content\/uploads\/2023\/09\/juicio-300x226.png 300w, https:\/\/taipeirevista.com\/wp-content\/uploads\/2023\/09\/juicio-768x579.png 768w\" sizes=\"(max-width: 623px) 100vw, 623px\" \/><figcaption class=\"wp-element-caption\"><em>El juicio<\/em><\/figcaption><\/figure>\n<\/div>\n\n\n<hr class=\"wp-block-separator has-alpha-channel-opacity\"\/>\n","protected":false},"excerpt":{"rendered":"<p>Parece una constante, en las pel\u00edculas de esta edici\u00f3n del FICER, el intento de asediar un espacio. Que la cuenten los lugares, parece decir el festival. \u201cUn lugar para vernos\u201d, s\u00ed, pero tambi\u00e9n: \u201cPara vernos en un lugar\u201d. Algunos promueven la estad\u00eda, con costumbres y rutinas arraigadas. Otros, lugares de paso, nos ahuyentan, mientras, m\u00e1s que encontrarnos, nos saludamos o nos despedimos.<\/p>\n","protected":false},"author":3,"featured_media":8453,"comment_status":"open","ping_status":"closed","sticky":false,"template":"","format":"standard","meta":{"_acf_changed":false,"_jetpack_memberships_contains_paid_content":false,"footnotes":""},"categories":[1201],"tags":[132,171,1203,1208,58,114,1205,1209,1202,854,597,1204,1206,1207],"class_list":{"0":"post-8429","1":"post","2":"type-post","3":"status-publish","4":"format-standard","5":"has-post-thumbnail","7":"category-corresponsales","8":"tag-2010s","9":"tag-2020s","10":"tag-alessandro-comodin","11":"tag-candelaria-carreno","12":"tag-cine-argentino","13":"tag-cine-y-politica","14":"tag-eduardo-crespo","15":"tag-fernando-varea","16":"tag-festival-internacional-de-cine-de-entre-rios","17":"tag-gustavo-fontan","18":"tag-ivan-fund","19":"tag-joao-nicolau","20":"tag-joe-hunting","21":"tag-ulises-de-la-orden"},"acf":[],"yoast_head":"<!-- This site is optimized with the Yoast SEO plugin v27.5 - https:\/\/yoast.com\/product\/yoast-seo-wordpress\/ -->\n<title>5\u00b0 FICER: Espacio - TAIPEI<\/title>\n<meta name=\"robots\" content=\"index, follow, max-snippet:-1, max-image-preview:large, max-video-preview:-1\" \/>\n<link rel=\"canonical\" href=\"https:\/\/taipeirevista.com\/index.php\/2023\/09\/20\/5-ficer-espacio\/\" \/>\n<meta property=\"og:locale\" content=\"es_ES\" \/>\n<meta property=\"og:type\" content=\"article\" \/>\n<meta property=\"og:title\" content=\"5\u00b0 FICER: Espacio - TAIPEI\" \/>\n<meta property=\"og:description\" content=\"Parece una constante, en las pel\u00edculas de esta edici\u00f3n del FICER, el intento de asediar un espacio. Que la cuenten los lugares, parece decir el festival. \u201cUn lugar para vernos\u201d, s\u00ed, pero tambi\u00e9n: \u201cPara vernos en un lugar\u201d. Algunos promueven la estad\u00eda, con costumbres y rutinas arraigadas. Otros, lugares de paso, nos ahuyentan, mientras, m\u00e1s que encontrarnos, nos saludamos o nos despedimos.\" \/>\n<meta property=\"og:url\" content=\"https:\/\/taipeirevista.com\/index.php\/2023\/09\/20\/5-ficer-espacio\/\" \/>\n<meta property=\"og:site_name\" content=\"TAIPEI\" \/>\n<meta property=\"article:publisher\" content=\"https:\/\/www.facebook.com\/revistataipei\" \/>\n<meta property=\"article:published_time\" content=\"2023-09-20T13:57:26+00:00\" \/>\n<meta property=\"article:modified_time\" content=\"2023-09-20T13:57:34+00:00\" \/>\n<meta property=\"og:image\" content=\"https:\/\/taipeirevista.com\/wp-content\/uploads\/2023\/09\/Gigi-la-legge-Alessandro-Comodin-2022.mkv_snapshot_00.43.24_2023.09.19_18.40.37.png\" \/>\n\t<meta property=\"og:image:width\" content=\"1279\" \/>\n\t<meta property=\"og:image:height\" content=\"694\" \/>\n\t<meta property=\"og:image:type\" content=\"image\/png\" \/>\n<meta name=\"author\" content=\"Milagros Porta\" \/>\n<meta name=\"twitter:card\" content=\"summary_large_image\" \/>\n<meta name=\"twitter:creator\" content=\"@taipeicritica\" \/>\n<meta name=\"twitter:site\" content=\"@taipeicritica\" \/>\n<meta name=\"twitter:label1\" content=\"Escrito por\" \/>\n\t<meta name=\"twitter:data1\" content=\"Milagros Porta\" \/>\n\t<meta name=\"twitter:label2\" content=\"Tiempo de lectura\" \/>\n\t<meta name=\"twitter:data2\" content=\"12 minutos\" \/>\n<script type=\"application\/ld+json\" class=\"yoast-schema-graph\">{\"@context\":\"https:\\\/\\\/schema.org\",\"@graph\":[{\"@type\":\"Article\",\"@id\":\"https:\\\/\\\/taipeirevista.com\\\/index.php\\\/2023\\\/09\\\/20\\\/5-ficer-espacio\\\/#article\",\"isPartOf\":{\"@id\":\"https:\\\/\\\/taipeirevista.com\\\/index.php\\\/2023\\\/09\\\/20\\\/5-ficer-espacio\\\/\"},\"author\":{\"name\":\"Milagros Porta\",\"@id\":\"https:\\\/\\\/taipeirevista.com\\\/#\\\/schema\\\/person\\\/f79ac11495c5845a24706a98467c5a17\"},\"headline\":\"5\u00b0 FICER: Espacio\",\"datePublished\":\"2023-09-20T13:57:26+00:00\",\"dateModified\":\"2023-09-20T13:57:34+00:00\",\"mainEntityOfPage\":{\"@id\":\"https:\\\/\\\/taipeirevista.com\\\/index.php\\\/2023\\\/09\\\/20\\\/5-ficer-espacio\\\/\"},\"wordCount\":2396,\"commentCount\":0,\"publisher\":{\"@id\":\"https:\\\/\\\/taipeirevista.com\\\/#organization\"},\"image\":{\"@id\":\"https:\\\/\\\/taipeirevista.com\\\/index.php\\\/2023\\\/09\\\/20\\\/5-ficer-espacio\\\/#primaryimage\"},\"thumbnailUrl\":\"https:\\\/\\\/taipeirevista.com\\\/wp-content\\\/uploads\\\/2023\\\/09\\\/Gigi-la-legge-Alessandro-Comodin-2022.mkv_snapshot_00.43.24_2023.09.19_18.40.37.png\",\"keywords\":[\"2010s\",\"2020s\",\"Alessandro Comodin\",\"Candelaria Carre\u00f1o\",\"Cine argentino\",\"Cine y pol\u00edtica\",\"Eduardo Crespo\",\"Fernando Varea\",\"Festival Internacional de Cine de Entre R\u00edos\",\"Gustavo Font\u00e1n\",\"Iv\u00e1n Fund\",\"Jo\u00e3o Nicolau\",\"Joe Hunting\",\"Ulises de la Orden\"],\"articleSection\":[\"Corresponsales\"],\"inLanguage\":\"es-AR\",\"potentialAction\":[{\"@type\":\"CommentAction\",\"name\":\"Comment\",\"target\":[\"https:\\\/\\\/taipeirevista.com\\\/index.php\\\/2023\\\/09\\\/20\\\/5-ficer-espacio\\\/#respond\"]}]},{\"@type\":\"WebPage\",\"@id\":\"https:\\\/\\\/taipeirevista.com\\\/index.php\\\/2023\\\/09\\\/20\\\/5-ficer-espacio\\\/\",\"url\":\"https:\\\/\\\/taipeirevista.com\\\/index.php\\\/2023\\\/09\\\/20\\\/5-ficer-espacio\\\/\",\"name\":\"5\u00b0 FICER: Espacio - TAIPEI\",\"isPartOf\":{\"@id\":\"https:\\\/\\\/taipeirevista.com\\\/#website\"},\"primaryImageOfPage\":{\"@id\":\"https:\\\/\\\/taipeirevista.com\\\/index.php\\\/2023\\\/09\\\/20\\\/5-ficer-espacio\\\/#primaryimage\"},\"image\":{\"@id\":\"https:\\\/\\\/taipeirevista.com\\\/index.php\\\/2023\\\/09\\\/20\\\/5-ficer-espacio\\\/#primaryimage\"},\"thumbnailUrl\":\"https:\\\/\\\/taipeirevista.com\\\/wp-content\\\/uploads\\\/2023\\\/09\\\/Gigi-la-legge-Alessandro-Comodin-2022.mkv_snapshot_00.43.24_2023.09.19_18.40.37.png\",\"datePublished\":\"2023-09-20T13:57:26+00:00\",\"dateModified\":\"2023-09-20T13:57:34+00:00\",\"breadcrumb\":{\"@id\":\"https:\\\/\\\/taipeirevista.com\\\/index.php\\\/2023\\\/09\\\/20\\\/5-ficer-espacio\\\/#breadcrumb\"},\"inLanguage\":\"es-AR\",\"potentialAction\":[{\"@type\":\"ReadAction\",\"target\":[\"https:\\\/\\\/taipeirevista.com\\\/index.php\\\/2023\\\/09\\\/20\\\/5-ficer-espacio\\\/\"]}]},{\"@type\":\"ImageObject\",\"inLanguage\":\"es-AR\",\"@id\":\"https:\\\/\\\/taipeirevista.com\\\/index.php\\\/2023\\\/09\\\/20\\\/5-ficer-espacio\\\/#primaryimage\",\"url\":\"https:\\\/\\\/taipeirevista.com\\\/wp-content\\\/uploads\\\/2023\\\/09\\\/Gigi-la-legge-Alessandro-Comodin-2022.mkv_snapshot_00.43.24_2023.09.19_18.40.37.png\",\"contentUrl\":\"https:\\\/\\\/taipeirevista.com\\\/wp-content\\\/uploads\\\/2023\\\/09\\\/Gigi-la-legge-Alessandro-Comodin-2022.mkv_snapshot_00.43.24_2023.09.19_18.40.37.png\",\"width\":1279,\"height\":694},{\"@type\":\"BreadcrumbList\",\"@id\":\"https:\\\/\\\/taipeirevista.com\\\/index.php\\\/2023\\\/09\\\/20\\\/5-ficer-espacio\\\/#breadcrumb\",\"itemListElement\":[{\"@type\":\"ListItem\",\"position\":1,\"name\":\"Inicio\",\"item\":\"https:\\\/\\\/taipeirevista.com\\\/\"},{\"@type\":\"ListItem\",\"position\":2,\"name\":\"5\u00b0 FICER: Espacio\"}]},{\"@type\":\"WebSite\",\"@id\":\"https:\\\/\\\/taipeirevista.com\\\/#website\",\"url\":\"https:\\\/\\\/taipeirevista.com\\\/\",\"name\":\"TAIPEI\",\"description\":\"Cr\u00edtica de cine\",\"publisher\":{\"@id\":\"https:\\\/\\\/taipeirevista.com\\\/#organization\"},\"potentialAction\":[{\"@type\":\"SearchAction\",\"target\":{\"@type\":\"EntryPoint\",\"urlTemplate\":\"https:\\\/\\\/taipeirevista.com\\\/?s={search_term_string}\"},\"query-input\":{\"@type\":\"PropertyValueSpecification\",\"valueRequired\":true,\"valueName\":\"search_term_string\"}}],\"inLanguage\":\"es-AR\"},{\"@type\":\"Organization\",\"@id\":\"https:\\\/\\\/taipeirevista.com\\\/#organization\",\"name\":\"Taipei \\\/ Cr\u00edtica de cine\",\"url\":\"https:\\\/\\\/taipeirevista.com\\\/\",\"logo\":{\"@type\":\"ImageObject\",\"inLanguage\":\"es-AR\",\"@id\":\"https:\\\/\\\/taipeirevista.com\\\/#\\\/schema\\\/logo\\\/image\\\/\",\"url\":\"https:\\\/\\\/taipeirevista.com\\\/wp-content\\\/uploads\\\/2022\\\/08\\\/TAIPEI-LOGO-1.1-SIN-GRIS.png\",\"contentUrl\":\"https:\\\/\\\/taipeirevista.com\\\/wp-content\\\/uploads\\\/2022\\\/08\\\/TAIPEI-LOGO-1.1-SIN-GRIS.png\",\"width\":599,\"height\":599,\"caption\":\"Taipei \\\/ Cr\u00edtica de cine\"},\"image\":{\"@id\":\"https:\\\/\\\/taipeirevista.com\\\/#\\\/schema\\\/logo\\\/image\\\/\"},\"sameAs\":[\"https:\\\/\\\/www.facebook.com\\\/revistataipei\",\"https:\\\/\\\/x.com\\\/taipeicritica\",\"https:\\\/\\\/www.instagram.com\\\/taipeicritica\\\/\"]},{\"@type\":\"Person\",\"@id\":\"https:\\\/\\\/taipeirevista.com\\\/#\\\/schema\\\/person\\\/f79ac11495c5845a24706a98467c5a17\",\"name\":\"Milagros Porta\",\"image\":{\"@type\":\"ImageObject\",\"inLanguage\":\"es-AR\",\"@id\":\"https:\\\/\\\/secure.gravatar.com\\\/avatar\\\/6d03896bb4eb06ccf92db9896392d61c684b93f5bd97e15117a5949e36ed6841?s=96&d=mm&r=g\",\"url\":\"https:\\\/\\\/secure.gravatar.com\\\/avatar\\\/6d03896bb4eb06ccf92db9896392d61c684b93f5bd97e15117a5949e36ed6841?s=96&d=mm&r=g\",\"contentUrl\":\"https:\\\/\\\/secure.gravatar.com\\\/avatar\\\/6d03896bb4eb06ccf92db9896392d61c684b93f5bd97e15117a5949e36ed6841?s=96&d=mm&r=g\",\"caption\":\"Milagros Porta\"},\"description\":\"Naci\u00f3 en Buenos Aires en 2002. Estudia la Licenciatura en Artes de la Escritura (UNA). Es editora en Taipei. En 2022 public\u00f3 el libro de cuentos Aguamala (Hex\u00e1gono Editoras) e integr\u00f3 las antolog\u00edas de narradores j\u00f3venes Los amigos dif\u00edciles (Editorial Nn) y Tan diversa (Mardulce). En 2023 recibi\u00f3 una beca de la Bienal de Arte Joven por una novela en desarrollo y coedit\u00f3 el libro Mumblecore. Exploraciones sobre el cine independiente norteamericano (Taipei Libros) con el apoyo de una Beca Creaci\u00f3n del Fondo Nacional de las Artes.\",\"url\":\"https:\\\/\\\/taipeirevista.com\\\/index.php\\\/author\\\/milagros-porta\\\/\"}]}<\/script>\n<!-- \/ Yoast SEO plugin. -->","yoast_head_json":{"title":"5\u00b0 FICER: Espacio - TAIPEI","robots":{"index":"index","follow":"follow","max-snippet":"max-snippet:-1","max-image-preview":"max-image-preview:large","max-video-preview":"max-video-preview:-1"},"canonical":"https:\/\/taipeirevista.com\/index.php\/2023\/09\/20\/5-ficer-espacio\/","og_locale":"es_ES","og_type":"article","og_title":"5\u00b0 FICER: Espacio - TAIPEI","og_description":"Parece una constante, en las pel\u00edculas de esta edici\u00f3n del FICER, el intento de asediar un espacio. Que la cuenten los lugares, parece decir el festival. \u201cUn lugar para vernos\u201d, s\u00ed, pero tambi\u00e9n: \u201cPara vernos en un lugar\u201d. Algunos promueven la estad\u00eda, con costumbres y rutinas arraigadas. Otros, lugares de paso, nos ahuyentan, mientras, m\u00e1s que encontrarnos, nos saludamos o nos despedimos.","og_url":"https:\/\/taipeirevista.com\/index.php\/2023\/09\/20\/5-ficer-espacio\/","og_site_name":"TAIPEI","article_publisher":"https:\/\/www.facebook.com\/revistataipei","article_published_time":"2023-09-20T13:57:26+00:00","article_modified_time":"2023-09-20T13:57:34+00:00","og_image":[{"width":1279,"height":694,"url":"https:\/\/taipeirevista.com\/wp-content\/uploads\/2023\/09\/Gigi-la-legge-Alessandro-Comodin-2022.mkv_snapshot_00.43.24_2023.09.19_18.40.37.png","type":"image\/png"}],"author":"Milagros Porta","twitter_card":"summary_large_image","twitter_creator":"@taipeicritica","twitter_site":"@taipeicritica","twitter_misc":{"Escrito por":"Milagros Porta","Tiempo de lectura":"12 minutos"},"schema":{"@context":"https:\/\/schema.org","@graph":[{"@type":"Article","@id":"https:\/\/taipeirevista.com\/index.php\/2023\/09\/20\/5-ficer-espacio\/#article","isPartOf":{"@id":"https:\/\/taipeirevista.com\/index.php\/2023\/09\/20\/5-ficer-espacio\/"},"author":{"name":"Milagros Porta","@id":"https:\/\/taipeirevista.com\/#\/schema\/person\/f79ac11495c5845a24706a98467c5a17"},"headline":"5\u00b0 FICER: Espacio","datePublished":"2023-09-20T13:57:26+00:00","dateModified":"2023-09-20T13:57:34+00:00","mainEntityOfPage":{"@id":"https:\/\/taipeirevista.com\/index.php\/2023\/09\/20\/5-ficer-espacio\/"},"wordCount":2396,"commentCount":0,"publisher":{"@id":"https:\/\/taipeirevista.com\/#organization"},"image":{"@id":"https:\/\/taipeirevista.com\/index.php\/2023\/09\/20\/5-ficer-espacio\/#primaryimage"},"thumbnailUrl":"https:\/\/taipeirevista.com\/wp-content\/uploads\/2023\/09\/Gigi-la-legge-Alessandro-Comodin-2022.mkv_snapshot_00.43.24_2023.09.19_18.40.37.png","keywords":["2010s","2020s","Alessandro Comodin","Candelaria Carre\u00f1o","Cine argentino","Cine y pol\u00edtica","Eduardo Crespo","Fernando Varea","Festival Internacional de Cine de Entre R\u00edos","Gustavo Font\u00e1n","Iv\u00e1n Fund","Jo\u00e3o Nicolau","Joe Hunting","Ulises de la Orden"],"articleSection":["Corresponsales"],"inLanguage":"es-AR","potentialAction":[{"@type":"CommentAction","name":"Comment","target":["https:\/\/taipeirevista.com\/index.php\/2023\/09\/20\/5-ficer-espacio\/#respond"]}]},{"@type":"WebPage","@id":"https:\/\/taipeirevista.com\/index.php\/2023\/09\/20\/5-ficer-espacio\/","url":"https:\/\/taipeirevista.com\/index.php\/2023\/09\/20\/5-ficer-espacio\/","name":"5\u00b0 FICER: Espacio - TAIPEI","isPartOf":{"@id":"https:\/\/taipeirevista.com\/#website"},"primaryImageOfPage":{"@id":"https:\/\/taipeirevista.com\/index.php\/2023\/09\/20\/5-ficer-espacio\/#primaryimage"},"image":{"@id":"https:\/\/taipeirevista.com\/index.php\/2023\/09\/20\/5-ficer-espacio\/#primaryimage"},"thumbnailUrl":"https:\/\/taipeirevista.com\/wp-content\/uploads\/2023\/09\/Gigi-la-legge-Alessandro-Comodin-2022.mkv_snapshot_00.43.24_2023.09.19_18.40.37.png","datePublished":"2023-09-20T13:57:26+00:00","dateModified":"2023-09-20T13:57:34+00:00","breadcrumb":{"@id":"https:\/\/taipeirevista.com\/index.php\/2023\/09\/20\/5-ficer-espacio\/#breadcrumb"},"inLanguage":"es-AR","potentialAction":[{"@type":"ReadAction","target":["https:\/\/taipeirevista.com\/index.php\/2023\/09\/20\/5-ficer-espacio\/"]}]},{"@type":"ImageObject","inLanguage":"es-AR","@id":"https:\/\/taipeirevista.com\/index.php\/2023\/09\/20\/5-ficer-espacio\/#primaryimage","url":"https:\/\/taipeirevista.com\/wp-content\/uploads\/2023\/09\/Gigi-la-legge-Alessandro-Comodin-2022.mkv_snapshot_00.43.24_2023.09.19_18.40.37.png","contentUrl":"https:\/\/taipeirevista.com\/wp-content\/uploads\/2023\/09\/Gigi-la-legge-Alessandro-Comodin-2022.mkv_snapshot_00.43.24_2023.09.19_18.40.37.png","width":1279,"height":694},{"@type":"BreadcrumbList","@id":"https:\/\/taipeirevista.com\/index.php\/2023\/09\/20\/5-ficer-espacio\/#breadcrumb","itemListElement":[{"@type":"ListItem","position":1,"name":"Inicio","item":"https:\/\/taipeirevista.com\/"},{"@type":"ListItem","position":2,"name":"5\u00b0 FICER: Espacio"}]},{"@type":"WebSite","@id":"https:\/\/taipeirevista.com\/#website","url":"https:\/\/taipeirevista.com\/","name":"TAIPEI","description":"Cr\u00edtica de cine","publisher":{"@id":"https:\/\/taipeirevista.com\/#organization"},"potentialAction":[{"@type":"SearchAction","target":{"@type":"EntryPoint","urlTemplate":"https:\/\/taipeirevista.com\/?s={search_term_string}"},"query-input":{"@type":"PropertyValueSpecification","valueRequired":true,"valueName":"search_term_string"}}],"inLanguage":"es-AR"},{"@type":"Organization","@id":"https:\/\/taipeirevista.com\/#organization","name":"Taipei \/ Cr\u00edtica de cine","url":"https:\/\/taipeirevista.com\/","logo":{"@type":"ImageObject","inLanguage":"es-AR","@id":"https:\/\/taipeirevista.com\/#\/schema\/logo\/image\/","url":"https:\/\/taipeirevista.com\/wp-content\/uploads\/2022\/08\/TAIPEI-LOGO-1.1-SIN-GRIS.png","contentUrl":"https:\/\/taipeirevista.com\/wp-content\/uploads\/2022\/08\/TAIPEI-LOGO-1.1-SIN-GRIS.png","width":599,"height":599,"caption":"Taipei \/ Cr\u00edtica de cine"},"image":{"@id":"https:\/\/taipeirevista.com\/#\/schema\/logo\/image\/"},"sameAs":["https:\/\/www.facebook.com\/revistataipei","https:\/\/x.com\/taipeicritica","https:\/\/www.instagram.com\/taipeicritica\/"]},{"@type":"Person","@id":"https:\/\/taipeirevista.com\/#\/schema\/person\/f79ac11495c5845a24706a98467c5a17","name":"Milagros Porta","image":{"@type":"ImageObject","inLanguage":"es-AR","@id":"https:\/\/secure.gravatar.com\/avatar\/6d03896bb4eb06ccf92db9896392d61c684b93f5bd97e15117a5949e36ed6841?s=96&d=mm&r=g","url":"https:\/\/secure.gravatar.com\/avatar\/6d03896bb4eb06ccf92db9896392d61c684b93f5bd97e15117a5949e36ed6841?s=96&d=mm&r=g","contentUrl":"https:\/\/secure.gravatar.com\/avatar\/6d03896bb4eb06ccf92db9896392d61c684b93f5bd97e15117a5949e36ed6841?s=96&d=mm&r=g","caption":"Milagros Porta"},"description":"Naci\u00f3 en Buenos Aires en 2002. Estudia la Licenciatura en Artes de la Escritura (UNA). Es editora en Taipei. En 2022 public\u00f3 el libro de cuentos Aguamala (Hex\u00e1gono Editoras) e integr\u00f3 las antolog\u00edas de narradores j\u00f3venes Los amigos dif\u00edciles (Editorial Nn) y Tan diversa (Mardulce). En 2023 recibi\u00f3 una beca de la Bienal de Arte Joven por una novela en desarrollo y coedit\u00f3 el libro Mumblecore. Exploraciones sobre el cine independiente norteamericano (Taipei Libros) con el apoyo de una Beca Creaci\u00f3n del Fondo Nacional de las Artes.","url":"https:\/\/taipeirevista.com\/index.php\/author\/milagros-porta\/"}]}},"jetpack_featured_media_url":"https:\/\/taipeirevista.com\/wp-content\/uploads\/2023\/09\/Gigi-la-legge-Alessandro-Comodin-2022.mkv_snapshot_00.43.24_2023.09.19_18.40.37.png","jetpack_sharing_enabled":true,"_links":{"self":[{"href":"https:\/\/taipeirevista.com\/index.php\/wp-json\/wp\/v2\/posts\/8429","targetHints":{"allow":["GET"]}}],"collection":[{"href":"https:\/\/taipeirevista.com\/index.php\/wp-json\/wp\/v2\/posts"}],"about":[{"href":"https:\/\/taipeirevista.com\/index.php\/wp-json\/wp\/v2\/types\/post"}],"author":[{"embeddable":true,"href":"https:\/\/taipeirevista.com\/index.php\/wp-json\/wp\/v2\/users\/3"}],"replies":[{"embeddable":true,"href":"https:\/\/taipeirevista.com\/index.php\/wp-json\/wp\/v2\/comments?post=8429"}],"version-history":[{"count":17,"href":"https:\/\/taipeirevista.com\/index.php\/wp-json\/wp\/v2\/posts\/8429\/revisions"}],"predecessor-version":[{"id":8462,"href":"https:\/\/taipeirevista.com\/index.php\/wp-json\/wp\/v2\/posts\/8429\/revisions\/8462"}],"wp:featuredmedia":[{"embeddable":true,"href":"https:\/\/taipeirevista.com\/index.php\/wp-json\/wp\/v2\/media\/8453"}],"wp:attachment":[{"href":"https:\/\/taipeirevista.com\/index.php\/wp-json\/wp\/v2\/media?parent=8429"}],"wp:term":[{"taxonomy":"category","embeddable":true,"href":"https:\/\/taipeirevista.com\/index.php\/wp-json\/wp\/v2\/categories?post=8429"},{"taxonomy":"post_tag","embeddable":true,"href":"https:\/\/taipeirevista.com\/index.php\/wp-json\/wp\/v2\/tags?post=8429"}],"curies":[{"name":"wp","href":"https:\/\/api.w.org\/{rel}","templated":true}]}}