{"id":9053,"date":"2023-12-21T20:22:29","date_gmt":"2023-12-21T20:22:29","guid":{"rendered":"https:\/\/taipeirevista.com\/?p=9053"},"modified":"2023-12-21T20:57:42","modified_gmt":"2023-12-21T20:57:42","slug":"diario-del-gaumont-3-hacerse-visible","status":"publish","type":"post","link":"https:\/\/taipeirevista.com\/index.php\/2023\/12\/21\/diario-del-gaumont-3-hacerse-visible\/","title":{"rendered":"Diario del Gaumont #3: Hacerse visible"},"content":{"rendered":"\n<p><strong>8 de enero<\/strong><\/p>\n\n\n\n<p>El lunes pasan <em>A\u00f1os cortos, d\u00edas eternos<\/em>. \u00d3pera prima de Silvina Est\u00e9vez, el documental empieza con el puerperio y sigue con cuatro a\u00f1os en la maternidad de un conjunto de mujeres que de a poco van renegando de ser filmadas. Un <em>topos<\/em> que a esta altura es casi un g\u00e9nero: documentales que ponen en abismo su propio fracaso. Sobre lo indocumentable, sobre la resistencia del objeto. Promediando la media hora de pel\u00edcula, <em>A\u00f1os cortos, d\u00edas eternos<\/em> se queda sin madres. Ninguna quiere ser registrada mientras lava los platos o cambia un pa\u00f1al. Brenda Howlin, coguionista de la pel\u00edcula y amiga de la directora que amaga con volverse sujeto principal del largometraje, tambi\u00e9n se cansa. \u201cNo me molesta que vengas a mi casa, pero siempre me agarr\u00e1s en momentos que no est\u00e1n buenos\u201d, dice. \u201cPens\u00e9 que iba a poder, pero la verdad es que estoy muy cansada. \u00bfQu\u00e9 imagen estamos dando?\u201d.\u00a0<\/p>\n\n\n\n<p>El documental, entonces, se pliega. Deja de ser una observaci\u00f3n de maternidades ajenas y empieza a abordar el v\u00ednculo de la directora, Silvina Est\u00e9vez, con la maternidad. La nena del p\u00f3ster, de hecho, es ella de chiquita con una beba en brazos. En lugar de insistir frente al sujeto que se resiste, <em>A\u00f1os cortos, d\u00edas eternos<\/em> cierra la puerta e interroga el entorno dom\u00e9stico de Est\u00e9vez durante los cuarenta minutos restantes. Se agradece que la directora haya insistido en hacer la pel\u00edcula pase lo que pase, y en la b\u00fasqueda intrafamiliar no deja de recolectar testimonios, miradas y preguntas sobre la maternidad enunciadas por mujeres de distintas generaciones sin perder de vista el crecimiento de la hija de Howlin; pero de fondo hay una desorientaci\u00f3n. Las experiencias de las pu\u00e9rperas mostradas al principio se igualan con la situaci\u00f3n socioecon\u00f3mica francamente estable de Est\u00e9vez como mujer que no sabe si quiere ser mam\u00e1 y mide riesgos y beneficios desde afuera de la zona de peligro.&nbsp;<\/p>\n\n\n\n<p>Hay una escena donde <em>A\u00f1os cortos, d\u00edas eternos<\/em> permite que emerja un relato que contrasta con las otras experiencias registradas. Una personal de limpieza de un polideportivo le cuenta a Brenda Howlin, nadadora en el club, c\u00f3mo fue criar ocho nenes en la calle. Pero su presencia se codifica como una excepci\u00f3n a la regla instaurada por la maternidad de clase media urbana; una otredad a la que sin embargo la pel\u00edcula no est\u00e1 interesada en escuchar por mucho tiempo y que, a partir de esa escena, pesa desde el fuera de campo. Est\u00e9vez prefiere registrar el nado de Howlin en la pileta del polideportivo. La pl\u00e1stica de los planos y el campo sonoro en esta escena son expresivos y hablan sobre una maternidad aislada, agotadora, aguada. Pero no dejan de traslucir otro tipo de aislamiento, de un feminismo blanco resguardado entre burbujas.\u00a0<\/p>\n\n\n<div class=\"wp-block-image\">\n<figure class=\"aligncenter size-large is-resized\"><img fetchpriority=\"high\" decoding=\"async\" width=\"1024\" height=\"428\" src=\"https:\/\/taipeirevista.com\/wp-content\/uploads\/2023\/12\/ACDE-33-1024x428.jpg\" alt=\"\" class=\"wp-image-9058\" style=\"width:622px;height:auto\" srcset=\"https:\/\/taipeirevista.com\/wp-content\/uploads\/2023\/12\/ACDE-33-1024x428.jpg 1024w, https:\/\/taipeirevista.com\/wp-content\/uploads\/2023\/12\/ACDE-33-300x125.jpg 300w, https:\/\/taipeirevista.com\/wp-content\/uploads\/2023\/12\/ACDE-33-768x321.jpg 768w, https:\/\/taipeirevista.com\/wp-content\/uploads\/2023\/12\/ACDE-33-1536x642.jpg 1536w, https:\/\/taipeirevista.com\/wp-content\/uploads\/2023\/12\/ACDE-33.jpg 1920w\" sizes=\"(max-width: 1024px) 100vw, 1024px\" \/><figcaption class=\"wp-element-caption\"><em>A\u00f1os cortos, d\u00edas eternos<\/em><\/figcaption><\/figure>\n<\/div>\n\n\n<p><strong>22 de marzo<\/strong><\/p>\n\n\n\n<p>Ya no estoy enojada con <em>A\u00f1os cortos, d\u00edas eternos<\/em>. Conviven dos pel\u00edculas en ella: el documental de escucha y el documental de introspecci\u00f3n. Lo llamativo es el modo en que el segundo rebalsa sobre el primero. Nuestra \u00e9poca le hizo un altar a la introspecci\u00f3n, y por momentos desde\u00f1a la escucha. Ah\u00ed es donde Est\u00e9vez concuerda con el tiempo que le toca. Un poema de Rodolfo Benasso dice: &#8220;El r\u00edo se pierde en lo otro \/ y el mar se resuelve en el mar&#8221;<sup><a href=\"#nota1\">(1)<\/a><\/sup>. <em>A\u00f1os cortos, d\u00edas eternos<\/em> se parece m\u00e1s al mar que al r\u00edo. Cuando las madres reniegan de la c\u00e1mara, el documental se queda sin objeto, y entonces hace el \u201csalto hacia adentro\u201d que en Argentina, seg\u00fan Pablo Piedras, inaugur\u00f3 <em>La fe del volc\u00e1n<\/em>. Solo que, en ese salto, pierde de vista que <em>adentro <\/em>y <em>afuera<\/em> \u2014lo \u00edntimo y lo p\u00fablico\u2014 mantienen una relaci\u00f3n dial\u00e9ctica.&nbsp;<\/p>\n\n\n\n<p>El problema de la mujer como sujeto de la enunciaci\u00f3n arrastra siglos de reparto desigual del acceso a la palabra y la mirada. Parece haber un gesto de reparaci\u00f3n hist\u00f3rica en los documentales subjetivos dirigidos por mujeres y disidencias que se permiten poner en escena las vicisitudes o el eventual fracaso de su realizaci\u00f3n; pero, ahora que el procedimiento se empieza a institucionalizar, despu\u00e9s de a\u00f1os tanto de su utilizaci\u00f3n en estrenos locales como de su investigaci\u00f3n en \u00e1mbitos cr\u00edticos y acad\u00e9micos, y teniendo en cuenta la incorporaci\u00f3n paulatina de la interseccionalidad de clase, raza, etnia, g\u00e9nero y nacionalidad a las discusiones de los feminismos para empezar a cuestionar no solo el acceso de las mujeres al cine sino cu\u00e1les acceden y por qu\u00e9, quiz\u00e1s el hecho en s\u00ed de hacerse visible ya no alcance. Una cineasta se corporiza, hace del temblor de la mano que filma un temblor de la imagen, \u00bfpara mostrar qu\u00e9?&nbsp;<\/p>\n\n\n\n<p>\u201cDesde el \u00e1mbito cinematogr\u00e1fico es necesario preguntarse no ya c\u00f3mo representar a la Mujer, sino c\u00f3mo representar la heterogeneidad de las mujeres y las relaciones de poder que las atraviesan, c\u00f3mo no reducirlas a una identidad fija y universal que anule sus diferencias\u201d, escribi\u00f3 Ximena Gonz\u00e1lez en un dossier de la DocuDAC<sup><a href=\"#nota2\">(2)<\/a><\/sup>. En el intento de reivindicar lo dom\u00e9stico en tanto zona de conflicto y terreno en disputa, algunos documentales se repliegan sobre una esfera de intimidad signada por el privilegio y terminan reproduciendo en su forma algunos discursos que pretend\u00edan discutir. \u00bfQu\u00e9 decisiones formales podr\u00edan desatar en el nivel de la experiencia est\u00e9tica el reconocimiento de un <em>ser mujer<\/em> (o un <em>devenir mujer<\/em>, o incluso un <em>estar mujer<\/em>) abierto y contradictorio? Ci\u00f1\u00e9ndome de nuevo a los documentales sobre maternidad, \u00bfes necesario un borramiento del sujeto de la enunciaci\u00f3n para que acontezca la escucha, como sucede en el registro observacional de <em>Ni\u00f1a mam\u00e1<\/em> (Andrea Testa, 2019), donde, en lugar de corporizarse, la instancia enunciativa se oculta para conseguir una especie de narraci\u00f3n omnisciente?&nbsp;<\/p>\n\n\n\n<p>Me pregunto si decir <em>nosotras <\/em>siempre va a excluir alguna forma de <em>otras<\/em>, alguna forma de <em>ellas<\/em>.\u00a0<\/p>\n\n\n\n<figure class=\"wp-block-gallery has-nested-images columns-2 is-cropped wp-block-gallery-1 is-layout-flex wp-block-gallery-is-layout-flex\">\n<figure class=\"wp-block-image size-large\"><img decoding=\"async\" width=\"1024\" height=\"576\" data-id=\"9081\" src=\"https:\/\/taipeirevista.com\/wp-content\/uploads\/2023\/12\/Nina.Mama_2019.mkv_snapshot_00.26.00_2023.12.21_17.54.41-1024x576.png\" alt=\"\" class=\"wp-image-9081\" srcset=\"https:\/\/taipeirevista.com\/wp-content\/uploads\/2023\/12\/Nina.Mama_2019.mkv_snapshot_00.26.00_2023.12.21_17.54.41-1024x576.png 1024w, https:\/\/taipeirevista.com\/wp-content\/uploads\/2023\/12\/Nina.Mama_2019.mkv_snapshot_00.26.00_2023.12.21_17.54.41-300x169.png 300w, https:\/\/taipeirevista.com\/wp-content\/uploads\/2023\/12\/Nina.Mama_2019.mkv_snapshot_00.26.00_2023.12.21_17.54.41-768x432.png 768w, https:\/\/taipeirevista.com\/wp-content\/uploads\/2023\/12\/Nina.Mama_2019.mkv_snapshot_00.26.00_2023.12.21_17.54.41.png 1280w\" sizes=\"(max-width: 1024px) 100vw, 1024px\" \/><\/figure>\n\n\n\n<figure class=\"wp-block-image size-large\"><img decoding=\"async\" width=\"1024\" height=\"576\" data-id=\"9080\" src=\"https:\/\/taipeirevista.com\/wp-content\/uploads\/2023\/12\/Nina.Mama_2019.mkv_snapshot_00.50.13_2023.12.21_17.55.15-1024x576.png\" alt=\"\" class=\"wp-image-9080\" srcset=\"https:\/\/taipeirevista.com\/wp-content\/uploads\/2023\/12\/Nina.Mama_2019.mkv_snapshot_00.50.13_2023.12.21_17.55.15-1024x576.png 1024w, https:\/\/taipeirevista.com\/wp-content\/uploads\/2023\/12\/Nina.Mama_2019.mkv_snapshot_00.50.13_2023.12.21_17.55.15-300x169.png 300w, https:\/\/taipeirevista.com\/wp-content\/uploads\/2023\/12\/Nina.Mama_2019.mkv_snapshot_00.50.13_2023.12.21_17.55.15-768x432.png 768w, https:\/\/taipeirevista.com\/wp-content\/uploads\/2023\/12\/Nina.Mama_2019.mkv_snapshot_00.50.13_2023.12.21_17.55.15.png 1280w\" sizes=\"(max-width: 1024px) 100vw, 1024px\" \/><\/figure>\n<figcaption class=\"blocks-gallery-caption wp-element-caption\"><em>Ni\u00f1a mam\u00e1<\/em><\/figcaption><\/figure>\n\n\n\n<div style=\"height:19px\" aria-hidden=\"true\" class=\"wp-block-spacer\"><\/div>\n\n\n\n<p><strong>17 de julio<\/strong><\/p>\n\n\n\n<p>Pasan <em>Silvia <\/em>en el Gaumont. Parece que el documental de Mar\u00eda Silvia Esteve, con <em>premi\u00e8re <\/em>mundial en 2018, en Argentina se estren\u00f3 v\u00eda <em>streaming <\/em>reci\u00e9n en marzo de 2020 a trav\u00e9s de Puentes de Cine, y tuvo que esperar otros tres a\u00f1os para llegar a salas presenciales. Su relaci\u00f3n con <em>A\u00f1os cortos, d\u00edas eternos<\/em> excede el parecido, por dem\u00e1s curioso, entre los nombres de las directoras (Silvina Est\u00e9vez, Mar\u00eda Silvia Esteve): las dos est\u00e1n preocupadas por el potencial micropol\u00edtico de lo dom\u00e9stico, trabajan su condici\u00f3n de hijas, rodean la autoridad de sus madres y esperan hallar, en sus hogares modelo, el brillo de lo siniestro, la palpitaci\u00f3n de lo reprimido.&nbsp;<\/p>\n\n\n\n<p>Es frecuente, en la cr\u00edtica, la pregunta acerca de qui\u00e9nes acceden a hacer una pel\u00edcula con VHS heredados. En los ochenta no todas las familias pod\u00edan dedicarse al registro de sus vidas. <em>Silvia <\/em>retorna con insistencia sobre casamientos, fiestas, cenas en restaurantes caros, actos escolares de nenas uniformadas y casonas con jard\u00edn. Asedia el coraz\u00f3n del privilegio. Glitchea, distorsiona y manipula las grabaciones familiares caseras como si el <em>found-footage <\/em>fuera un gajo de lim\u00f3n entre unos dedos que lo exprimen hasta sacarle gotas de acidez. Con la intenci\u00f3n de abrir las im\u00e1genes, Esteve exige la complicidad de sus hermanas, quienes discuten en <em>off<\/em> c\u00f3mo deber\u00eda ser un retrato cinematogr\u00e1fico de la vida de su madre, Silvia Zabalj\u00e1uregui. Esteve no dice yo: dice nosotras. Las conversaciones en <em>off<\/em> desconf\u00edan de las pel\u00edculas caseras y funcionan como foto en negativo de la imagen. Cada hermana se acuerda de fragmentos distintos de la historia materna, el matrimonio forzoso con un tipo violento, la depresi\u00f3n, la dismorfia, las pastillas. <em>Silvia<\/em> escenifica la puesta en discusi\u00f3n de esa espuma resbaladiza que es cualquier narrativa heredada. Incluso Carlos, marido de Silvia, presta su voz para contar otra versi\u00f3n de su noviazgo y matrimonio.<\/p>\n\n\n\n<p>Durante las \u00faltimas secuencias Esteve aparece de chica con sus hermanas. Juegan, pelean y bailan en un patio inmenso vestidas como las nenas de <em>Miss Mary <\/em>de Mar\u00eda Luisa Bemberg, pel\u00edcula con la que <em>Silvia<\/em> comparte el deseo de mostrar una clase alta descuajeringada. Algunos planos me hicieron pensar en la foto de Silvina Est\u00e9vez con la beba en brazos. En ambas pel\u00edculas \u2014en muchas pel\u00edculas\u2014 es dif\u00edcil encontrar el borde entre la fuerza experiencial de lo \u00edntimo y la motivaci\u00f3n narcisista que insiste sobre la propia imagen. A veces pareciera importar m\u00e1s que Silvia Zabalj\u00e1uregui le haya puesto \u201cMar\u00eda Silvia\u201d a su hija por su parecido temperamental con la Silvia de <em>Gone With the Wind<\/em>, cuando en realidad es el parecido de la propia Zabalj\u00e1uregui con ese personaje de ficci\u00f3n lo relevante en el drama de su vida. Como en otros documentales subjetivos, la enunciaci\u00f3n en primera persona, aunque plural por compartirse con las hermanas, por momentos acapara la atenci\u00f3n y obstaculiza el encuentro con Silvia como sujeto irrepresentable. Acaso sea un efecto intencional: toda madre, en los ojos de sus hijas, es a fin de cuentas una desconocida.<\/p>\n\n\n\n<figure class=\"wp-block-gallery has-nested-images columns-2 is-cropped wp-block-gallery-2 is-layout-flex wp-block-gallery-is-layout-flex\">\n<figure class=\"wp-block-image size-full\"><img loading=\"lazy\" decoding=\"async\" width=\"933\" height=\"718\" data-id=\"9069\" src=\"https:\/\/taipeirevista.com\/wp-content\/uploads\/2023\/12\/2018-Silvia-Maria-Silvia-Esteve.mkv_snapshot_00.13.09_2023.12.21_17.02.04.png\" alt=\"\" class=\"wp-image-9069\" srcset=\"https:\/\/taipeirevista.com\/wp-content\/uploads\/2023\/12\/2018-Silvia-Maria-Silvia-Esteve.mkv_snapshot_00.13.09_2023.12.21_17.02.04.png 933w, https:\/\/taipeirevista.com\/wp-content\/uploads\/2023\/12\/2018-Silvia-Maria-Silvia-Esteve.mkv_snapshot_00.13.09_2023.12.21_17.02.04-300x231.png 300w, https:\/\/taipeirevista.com\/wp-content\/uploads\/2023\/12\/2018-Silvia-Maria-Silvia-Esteve.mkv_snapshot_00.13.09_2023.12.21_17.02.04-768x591.png 768w\" sizes=\"(max-width: 933px) 100vw, 933px\" \/><\/figure>\n\n\n\n<figure class=\"wp-block-image size-large\"><img loading=\"lazy\" decoding=\"async\" width=\"905\" height=\"720\" data-id=\"9064\" src=\"https:\/\/taipeirevista.com\/wp-content\/uploads\/2023\/12\/2018-Silvia-Maria-Silvia-Esteve.mkv_snapshot_00.42.11_2023.12.21_17.00.14.png\" alt=\"\" class=\"wp-image-9064\" srcset=\"https:\/\/taipeirevista.com\/wp-content\/uploads\/2023\/12\/2018-Silvia-Maria-Silvia-Esteve.mkv_snapshot_00.42.11_2023.12.21_17.00.14.png 905w, https:\/\/taipeirevista.com\/wp-content\/uploads\/2023\/12\/2018-Silvia-Maria-Silvia-Esteve.mkv_snapshot_00.42.11_2023.12.21_17.00.14-300x239.png 300w, https:\/\/taipeirevista.com\/wp-content\/uploads\/2023\/12\/2018-Silvia-Maria-Silvia-Esteve.mkv_snapshot_00.42.11_2023.12.21_17.00.14-768x611.png 768w\" sizes=\"(max-width: 905px) 100vw, 905px\" \/><\/figure>\n\n\n\n<figure class=\"wp-block-image size-full\"><img loading=\"lazy\" decoding=\"async\" width=\"918\" height=\"717\" data-id=\"9062\" src=\"https:\/\/taipeirevista.com\/wp-content\/uploads\/2023\/12\/2018-Silvia-Maria-Silvia-Esteve.mkv_snapshot_00.49.38_2023.12.21_17.00.02.png\" alt=\"\" class=\"wp-image-9062\" srcset=\"https:\/\/taipeirevista.com\/wp-content\/uploads\/2023\/12\/2018-Silvia-Maria-Silvia-Esteve.mkv_snapshot_00.49.38_2023.12.21_17.00.02.png 918w, https:\/\/taipeirevista.com\/wp-content\/uploads\/2023\/12\/2018-Silvia-Maria-Silvia-Esteve.mkv_snapshot_00.49.38_2023.12.21_17.00.02-300x234.png 300w, https:\/\/taipeirevista.com\/wp-content\/uploads\/2023\/12\/2018-Silvia-Maria-Silvia-Esteve.mkv_snapshot_00.49.38_2023.12.21_17.00.02-768x600.png 768w\" sizes=\"(max-width: 918px) 100vw, 918px\" \/><\/figure>\n\n\n\n<figure class=\"wp-block-image size-large\"><img loading=\"lazy\" decoding=\"async\" width=\"905\" height=\"719\" data-id=\"9061\" src=\"https:\/\/taipeirevista.com\/wp-content\/uploads\/2023\/12\/2018-Silvia-Maria-Silvia-Esteve.mkv_snapshot_00.03.01_2023.12.21_17.01.06.png\" alt=\"\" class=\"wp-image-9061\" srcset=\"https:\/\/taipeirevista.com\/wp-content\/uploads\/2023\/12\/2018-Silvia-Maria-Silvia-Esteve.mkv_snapshot_00.03.01_2023.12.21_17.01.06.png 905w, https:\/\/taipeirevista.com\/wp-content\/uploads\/2023\/12\/2018-Silvia-Maria-Silvia-Esteve.mkv_snapshot_00.03.01_2023.12.21_17.01.06-300x238.png 300w, https:\/\/taipeirevista.com\/wp-content\/uploads\/2023\/12\/2018-Silvia-Maria-Silvia-Esteve.mkv_snapshot_00.03.01_2023.12.21_17.01.06-768x610.png 768w\" sizes=\"(max-width: 905px) 100vw, 905px\" \/><\/figure>\n<figcaption class=\"blocks-gallery-caption wp-element-caption\"><em>Silvia<\/em><\/figcaption><\/figure>\n\n\n\n<hr class=\"wp-block-separator has-alpha-channel-opacity\"\/>\n\n\n\n<div style=\"height:19px\" aria-hidden=\"true\" class=\"wp-block-spacer\"><\/div>\n\n\n\n<p class=\"has-small-font-size\"><strong>Notas<\/strong><\/p>\n\n\n\n<p class=\"has-small-font-size\"><strong>0<\/strong> Columna escrita originalmente para el Dossier #5 de la revista <em>DocuDAC<\/em>, \u201c\u00bfQui\u00e9n mira y qui\u00e9n escucha en el cine de lo real?\u201d, publicado <a href=\"https:\/\/revistadocudac.com.ar\/es\/indice\">ac\u00e1<\/a>.\u00a0<\/p>\n\n\n\n<p class=\"has-small-font-size\" id=\"nota1\"><strong>1 \u00a0<\/strong>Citado por Susana Th\u00e9non en \u201cDos poetas\u201d, <em>Sur<\/em>, N\u00b0 312, Buenos Aires, junio de 1968. De <em>El olor de las hojas<\/em>, Rodolfo Benasso, Instituto Amigos del Libro Argentino, 1967.<\/p>\n\n\n\n<p class=\"has-small-font-size\" id=\"nota2\"><strong>2  <\/strong>Ximena Gonz\u00e1lez, &#8220;Tres definiciones en suspenso sobre una imagen latente: El Cine, las Mujeres y el Proyecto de un nuevo Sujeto de la Mirada&#8221;, <a href=\"https:\/\/revistadocudac.com.ar\/es\/4\/dossier-tres-definiciones\">revista <em>DocuDAC<\/em>, Dossier #4.<\/a><\/p>\n","protected":false},"excerpt":{"rendered":"<p>Parece haber un gesto de reparaci\u00f3n hist\u00f3rica en los documentales subjetivos dirigidos por mujeres y disidencias que se permiten poner en escena las vicisitudes o el eventual fracaso de su realizaci\u00f3n; pero, ahora que el procedimiento se empieza a institucionalizar, despu\u00e9s de a\u00f1os tanto de su utilizaci\u00f3n en estrenos locales como de su investigaci\u00f3n en \u00e1mbitos cr\u00edticos y acad\u00e9micos, y teniendo en cuenta la incorporaci\u00f3n paulatina de la interseccionalidad de clase, raza, etnia, g\u00e9nero y nacionalidad a las discusiones de los feminismos para empezar a cuestionar no solo el acceso de las mujeres al cine sino cu\u00e1les acceden y por qu\u00e9, quiz\u00e1s el hecho en s\u00ed de hacerse visible ya no alcance(&#8230;)<\/p>\n","protected":false},"author":3,"featured_media":9061,"comment_status":"open","ping_status":"closed","sticky":false,"template":"","format":"standard","meta":{"_acf_changed":false,"_jetpack_memberships_contains_paid_content":false,"footnotes":""},"categories":[5],"tags":[171,58,19,1328,1327,1326,1329],"class_list":{"0":"post-9053","1":"post","2":"type-post","3":"status-publish","4":"format-standard","5":"has-post-thumbnail","7":"category-arrebatos","8":"tag-2020s","9":"tag-cine-argentino","10":"tag-cine-documental","11":"tag-found-footage","12":"tag-maria-silvia-esteve","13":"tag-silvina-estevez","14":"tag-ximena-gonzalez"},"acf":[],"yoast_head":"<!-- This site is optimized with the Yoast SEO plugin v27.4 - https:\/\/yoast.com\/product\/yoast-seo-wordpress\/ -->\n<title>Diario del Gaumont #3: Hacerse visible - TAIPEI<\/title>\n<meta name=\"robots\" content=\"index, follow, max-snippet:-1, max-image-preview:large, max-video-preview:-1\" \/>\n<link rel=\"canonical\" href=\"https:\/\/taipeirevista.com\/index.php\/2023\/12\/21\/diario-del-gaumont-3-hacerse-visible\/\" \/>\n<meta property=\"og:locale\" content=\"es_ES\" \/>\n<meta property=\"og:type\" content=\"article\" \/>\n<meta property=\"og:title\" content=\"Diario del Gaumont #3: Hacerse visible - TAIPEI\" \/>\n<meta property=\"og:description\" content=\"Parece haber un gesto de reparaci\u00f3n hist\u00f3rica en los documentales subjetivos dirigidos por mujeres y disidencias que se permiten poner en escena las vicisitudes o el eventual fracaso de su realizaci\u00f3n; pero, ahora que el procedimiento se empieza a institucionalizar, despu\u00e9s de a\u00f1os tanto de su utilizaci\u00f3n en estrenos locales como de su investigaci\u00f3n en \u00e1mbitos cr\u00edticos y acad\u00e9micos, y teniendo en cuenta la incorporaci\u00f3n paulatina de la interseccionalidad de clase, raza, etnia, g\u00e9nero y nacionalidad a las discusiones de los feminismos para empezar a cuestionar no solo el acceso de las mujeres al cine sino cu\u00e1les acceden y por qu\u00e9, quiz\u00e1s el hecho en s\u00ed de hacerse visible ya no alcance(...)\" \/>\n<meta property=\"og:url\" content=\"https:\/\/taipeirevista.com\/index.php\/2023\/12\/21\/diario-del-gaumont-3-hacerse-visible\/\" \/>\n<meta property=\"og:site_name\" content=\"TAIPEI\" \/>\n<meta property=\"article:publisher\" content=\"https:\/\/www.facebook.com\/revistataipei\" \/>\n<meta property=\"article:published_time\" content=\"2023-12-21T20:22:29+00:00\" \/>\n<meta property=\"article:modified_time\" content=\"2023-12-21T20:57:42+00:00\" \/>\n<meta property=\"og:image\" content=\"https:\/\/taipeirevista.com\/wp-content\/uploads\/2023\/12\/2018-Silvia-Maria-Silvia-Esteve.mkv_snapshot_00.03.01_2023.12.21_17.01.06.png\" \/>\n\t<meta property=\"og:image:width\" content=\"905\" \/>\n\t<meta property=\"og:image:height\" content=\"719\" \/>\n\t<meta property=\"og:image:type\" content=\"image\/png\" \/>\n<meta name=\"author\" content=\"Milagros Porta\" \/>\n<meta name=\"twitter:card\" content=\"summary_large_image\" \/>\n<meta name=\"twitter:creator\" content=\"@taipeicritica\" \/>\n<meta name=\"twitter:site\" content=\"@taipeicritica\" \/>\n<meta name=\"twitter:label1\" content=\"Escrito por\" \/>\n\t<meta name=\"twitter:data1\" content=\"Milagros Porta\" \/>\n\t<meta name=\"twitter:label2\" content=\"Tiempo de lectura\" \/>\n\t<meta name=\"twitter:data2\" content=\"9 minutos\" \/>\n<script type=\"application\/ld+json\" class=\"yoast-schema-graph\">{\"@context\":\"https:\\\/\\\/schema.org\",\"@graph\":[{\"@type\":\"Article\",\"@id\":\"https:\\\/\\\/taipeirevista.com\\\/index.php\\\/2023\\\/12\\\/21\\\/diario-del-gaumont-3-hacerse-visible\\\/#article\",\"isPartOf\":{\"@id\":\"https:\\\/\\\/taipeirevista.com\\\/index.php\\\/2023\\\/12\\\/21\\\/diario-del-gaumont-3-hacerse-visible\\\/\"},\"author\":{\"name\":\"Milagros Porta\",\"@id\":\"https:\\\/\\\/taipeirevista.com\\\/#\\\/schema\\\/person\\\/f79ac11495c5845a24706a98467c5a17\"},\"headline\":\"Diario del Gaumont #3: Hacerse visible\",\"datePublished\":\"2023-12-21T20:22:29+00:00\",\"dateModified\":\"2023-12-21T20:57:42+00:00\",\"mainEntityOfPage\":{\"@id\":\"https:\\\/\\\/taipeirevista.com\\\/index.php\\\/2023\\\/12\\\/21\\\/diario-del-gaumont-3-hacerse-visible\\\/\"},\"wordCount\":1679,\"commentCount\":0,\"publisher\":{\"@id\":\"https:\\\/\\\/taipeirevista.com\\\/#organization\"},\"image\":{\"@id\":\"https:\\\/\\\/taipeirevista.com\\\/index.php\\\/2023\\\/12\\\/21\\\/diario-del-gaumont-3-hacerse-visible\\\/#primaryimage\"},\"thumbnailUrl\":\"https:\\\/\\\/taipeirevista.com\\\/wp-content\\\/uploads\\\/2023\\\/12\\\/2018-Silvia-Maria-Silvia-Esteve.mkv_snapshot_00.03.01_2023.12.21_17.01.06.png\",\"keywords\":[\"2020s\",\"Cine argentino\",\"Cine documental\",\"Found-footage\",\"Mar\u00eda Silvia Esteve\",\"Silvina Est\u00e9vez\",\"Ximena Gonz\u00e1lez\"],\"articleSection\":[\"Arrebatos\"],\"inLanguage\":\"es-AR\",\"potentialAction\":[{\"@type\":\"CommentAction\",\"name\":\"Comment\",\"target\":[\"https:\\\/\\\/taipeirevista.com\\\/index.php\\\/2023\\\/12\\\/21\\\/diario-del-gaumont-3-hacerse-visible\\\/#respond\"]}]},{\"@type\":\"WebPage\",\"@id\":\"https:\\\/\\\/taipeirevista.com\\\/index.php\\\/2023\\\/12\\\/21\\\/diario-del-gaumont-3-hacerse-visible\\\/\",\"url\":\"https:\\\/\\\/taipeirevista.com\\\/index.php\\\/2023\\\/12\\\/21\\\/diario-del-gaumont-3-hacerse-visible\\\/\",\"name\":\"Diario del Gaumont #3: Hacerse visible - TAIPEI\",\"isPartOf\":{\"@id\":\"https:\\\/\\\/taipeirevista.com\\\/#website\"},\"primaryImageOfPage\":{\"@id\":\"https:\\\/\\\/taipeirevista.com\\\/index.php\\\/2023\\\/12\\\/21\\\/diario-del-gaumont-3-hacerse-visible\\\/#primaryimage\"},\"image\":{\"@id\":\"https:\\\/\\\/taipeirevista.com\\\/index.php\\\/2023\\\/12\\\/21\\\/diario-del-gaumont-3-hacerse-visible\\\/#primaryimage\"},\"thumbnailUrl\":\"https:\\\/\\\/taipeirevista.com\\\/wp-content\\\/uploads\\\/2023\\\/12\\\/2018-Silvia-Maria-Silvia-Esteve.mkv_snapshot_00.03.01_2023.12.21_17.01.06.png\",\"datePublished\":\"2023-12-21T20:22:29+00:00\",\"dateModified\":\"2023-12-21T20:57:42+00:00\",\"breadcrumb\":{\"@id\":\"https:\\\/\\\/taipeirevista.com\\\/index.php\\\/2023\\\/12\\\/21\\\/diario-del-gaumont-3-hacerse-visible\\\/#breadcrumb\"},\"inLanguage\":\"es-AR\",\"potentialAction\":[{\"@type\":\"ReadAction\",\"target\":[\"https:\\\/\\\/taipeirevista.com\\\/index.php\\\/2023\\\/12\\\/21\\\/diario-del-gaumont-3-hacerse-visible\\\/\"]}]},{\"@type\":\"ImageObject\",\"inLanguage\":\"es-AR\",\"@id\":\"https:\\\/\\\/taipeirevista.com\\\/index.php\\\/2023\\\/12\\\/21\\\/diario-del-gaumont-3-hacerse-visible\\\/#primaryimage\",\"url\":\"https:\\\/\\\/taipeirevista.com\\\/wp-content\\\/uploads\\\/2023\\\/12\\\/2018-Silvia-Maria-Silvia-Esteve.mkv_snapshot_00.03.01_2023.12.21_17.01.06.png\",\"contentUrl\":\"https:\\\/\\\/taipeirevista.com\\\/wp-content\\\/uploads\\\/2023\\\/12\\\/2018-Silvia-Maria-Silvia-Esteve.mkv_snapshot_00.03.01_2023.12.21_17.01.06.png\",\"width\":905,\"height\":719},{\"@type\":\"BreadcrumbList\",\"@id\":\"https:\\\/\\\/taipeirevista.com\\\/index.php\\\/2023\\\/12\\\/21\\\/diario-del-gaumont-3-hacerse-visible\\\/#breadcrumb\",\"itemListElement\":[{\"@type\":\"ListItem\",\"position\":1,\"name\":\"Inicio\",\"item\":\"https:\\\/\\\/taipeirevista.com\\\/\"},{\"@type\":\"ListItem\",\"position\":2,\"name\":\"Diario del Gaumont #3: Hacerse visible\"}]},{\"@type\":\"WebSite\",\"@id\":\"https:\\\/\\\/taipeirevista.com\\\/#website\",\"url\":\"https:\\\/\\\/taipeirevista.com\\\/\",\"name\":\"TAIPEI\",\"description\":\"Cr\u00edtica de cine\",\"publisher\":{\"@id\":\"https:\\\/\\\/taipeirevista.com\\\/#organization\"},\"potentialAction\":[{\"@type\":\"SearchAction\",\"target\":{\"@type\":\"EntryPoint\",\"urlTemplate\":\"https:\\\/\\\/taipeirevista.com\\\/?s={search_term_string}\"},\"query-input\":{\"@type\":\"PropertyValueSpecification\",\"valueRequired\":true,\"valueName\":\"search_term_string\"}}],\"inLanguage\":\"es-AR\"},{\"@type\":\"Organization\",\"@id\":\"https:\\\/\\\/taipeirevista.com\\\/#organization\",\"name\":\"Taipei \\\/ Cr\u00edtica de cine\",\"url\":\"https:\\\/\\\/taipeirevista.com\\\/\",\"logo\":{\"@type\":\"ImageObject\",\"inLanguage\":\"es-AR\",\"@id\":\"https:\\\/\\\/taipeirevista.com\\\/#\\\/schema\\\/logo\\\/image\\\/\",\"url\":\"https:\\\/\\\/taipeirevista.com\\\/wp-content\\\/uploads\\\/2022\\\/08\\\/TAIPEI-LOGO-1.1-SIN-GRIS.png\",\"contentUrl\":\"https:\\\/\\\/taipeirevista.com\\\/wp-content\\\/uploads\\\/2022\\\/08\\\/TAIPEI-LOGO-1.1-SIN-GRIS.png\",\"width\":599,\"height\":599,\"caption\":\"Taipei \\\/ Cr\u00edtica de cine\"},\"image\":{\"@id\":\"https:\\\/\\\/taipeirevista.com\\\/#\\\/schema\\\/logo\\\/image\\\/\"},\"sameAs\":[\"https:\\\/\\\/www.facebook.com\\\/revistataipei\",\"https:\\\/\\\/x.com\\\/taipeicritica\",\"https:\\\/\\\/www.instagram.com\\\/taipeicritica\\\/\"]},{\"@type\":\"Person\",\"@id\":\"https:\\\/\\\/taipeirevista.com\\\/#\\\/schema\\\/person\\\/f79ac11495c5845a24706a98467c5a17\",\"name\":\"Milagros Porta\",\"image\":{\"@type\":\"ImageObject\",\"inLanguage\":\"es-AR\",\"@id\":\"https:\\\/\\\/secure.gravatar.com\\\/avatar\\\/6d03896bb4eb06ccf92db9896392d61c684b93f5bd97e15117a5949e36ed6841?s=96&d=mm&r=g\",\"url\":\"https:\\\/\\\/secure.gravatar.com\\\/avatar\\\/6d03896bb4eb06ccf92db9896392d61c684b93f5bd97e15117a5949e36ed6841?s=96&d=mm&r=g\",\"contentUrl\":\"https:\\\/\\\/secure.gravatar.com\\\/avatar\\\/6d03896bb4eb06ccf92db9896392d61c684b93f5bd97e15117a5949e36ed6841?s=96&d=mm&r=g\",\"caption\":\"Milagros Porta\"},\"description\":\"Naci\u00f3 en Buenos Aires en 2002. Estudia la Licenciatura en Artes de la Escritura (UNA). Es editora en Taipei. En 2022 public\u00f3 el libro de cuentos Aguamala (Hex\u00e1gono Editoras) e integr\u00f3 las antolog\u00edas de narradores j\u00f3venes Los amigos dif\u00edciles (Editorial Nn) y Tan diversa (Mardulce). En 2023 recibi\u00f3 una beca de la Bienal de Arte Joven por una novela en desarrollo y coedit\u00f3 el libro Mumblecore. Exploraciones sobre el cine independiente norteamericano (Taipei Libros) con el apoyo de una Beca Creaci\u00f3n del Fondo Nacional de las Artes.\",\"url\":\"https:\\\/\\\/taipeirevista.com\\\/index.php\\\/author\\\/milagros-porta\\\/\"}]}<\/script>\n<!-- \/ Yoast SEO plugin. -->","yoast_head_json":{"title":"Diario del Gaumont #3: Hacerse visible - TAIPEI","robots":{"index":"index","follow":"follow","max-snippet":"max-snippet:-1","max-image-preview":"max-image-preview:large","max-video-preview":"max-video-preview:-1"},"canonical":"https:\/\/taipeirevista.com\/index.php\/2023\/12\/21\/diario-del-gaumont-3-hacerse-visible\/","og_locale":"es_ES","og_type":"article","og_title":"Diario del Gaumont #3: Hacerse visible - TAIPEI","og_description":"Parece haber un gesto de reparaci\u00f3n hist\u00f3rica en los documentales subjetivos dirigidos por mujeres y disidencias que se permiten poner en escena las vicisitudes o el eventual fracaso de su realizaci\u00f3n; pero, ahora que el procedimiento se empieza a institucionalizar, despu\u00e9s de a\u00f1os tanto de su utilizaci\u00f3n en estrenos locales como de su investigaci\u00f3n en \u00e1mbitos cr\u00edticos y acad\u00e9micos, y teniendo en cuenta la incorporaci\u00f3n paulatina de la interseccionalidad de clase, raza, etnia, g\u00e9nero y nacionalidad a las discusiones de los feminismos para empezar a cuestionar no solo el acceso de las mujeres al cine sino cu\u00e1les acceden y por qu\u00e9, quiz\u00e1s el hecho en s\u00ed de hacerse visible ya no alcance(...)","og_url":"https:\/\/taipeirevista.com\/index.php\/2023\/12\/21\/diario-del-gaumont-3-hacerse-visible\/","og_site_name":"TAIPEI","article_publisher":"https:\/\/www.facebook.com\/revistataipei","article_published_time":"2023-12-21T20:22:29+00:00","article_modified_time":"2023-12-21T20:57:42+00:00","og_image":[{"width":905,"height":719,"url":"https:\/\/taipeirevista.com\/wp-content\/uploads\/2023\/12\/2018-Silvia-Maria-Silvia-Esteve.mkv_snapshot_00.03.01_2023.12.21_17.01.06.png","type":"image\/png"}],"author":"Milagros Porta","twitter_card":"summary_large_image","twitter_creator":"@taipeicritica","twitter_site":"@taipeicritica","twitter_misc":{"Escrito por":"Milagros Porta","Tiempo de lectura":"9 minutos"},"schema":{"@context":"https:\/\/schema.org","@graph":[{"@type":"Article","@id":"https:\/\/taipeirevista.com\/index.php\/2023\/12\/21\/diario-del-gaumont-3-hacerse-visible\/#article","isPartOf":{"@id":"https:\/\/taipeirevista.com\/index.php\/2023\/12\/21\/diario-del-gaumont-3-hacerse-visible\/"},"author":{"name":"Milagros Porta","@id":"https:\/\/taipeirevista.com\/#\/schema\/person\/f79ac11495c5845a24706a98467c5a17"},"headline":"Diario del Gaumont #3: Hacerse visible","datePublished":"2023-12-21T20:22:29+00:00","dateModified":"2023-12-21T20:57:42+00:00","mainEntityOfPage":{"@id":"https:\/\/taipeirevista.com\/index.php\/2023\/12\/21\/diario-del-gaumont-3-hacerse-visible\/"},"wordCount":1679,"commentCount":0,"publisher":{"@id":"https:\/\/taipeirevista.com\/#organization"},"image":{"@id":"https:\/\/taipeirevista.com\/index.php\/2023\/12\/21\/diario-del-gaumont-3-hacerse-visible\/#primaryimage"},"thumbnailUrl":"https:\/\/taipeirevista.com\/wp-content\/uploads\/2023\/12\/2018-Silvia-Maria-Silvia-Esteve.mkv_snapshot_00.03.01_2023.12.21_17.01.06.png","keywords":["2020s","Cine argentino","Cine documental","Found-footage","Mar\u00eda Silvia Esteve","Silvina Est\u00e9vez","Ximena Gonz\u00e1lez"],"articleSection":["Arrebatos"],"inLanguage":"es-AR","potentialAction":[{"@type":"CommentAction","name":"Comment","target":["https:\/\/taipeirevista.com\/index.php\/2023\/12\/21\/diario-del-gaumont-3-hacerse-visible\/#respond"]}]},{"@type":"WebPage","@id":"https:\/\/taipeirevista.com\/index.php\/2023\/12\/21\/diario-del-gaumont-3-hacerse-visible\/","url":"https:\/\/taipeirevista.com\/index.php\/2023\/12\/21\/diario-del-gaumont-3-hacerse-visible\/","name":"Diario del Gaumont #3: Hacerse visible - TAIPEI","isPartOf":{"@id":"https:\/\/taipeirevista.com\/#website"},"primaryImageOfPage":{"@id":"https:\/\/taipeirevista.com\/index.php\/2023\/12\/21\/diario-del-gaumont-3-hacerse-visible\/#primaryimage"},"image":{"@id":"https:\/\/taipeirevista.com\/index.php\/2023\/12\/21\/diario-del-gaumont-3-hacerse-visible\/#primaryimage"},"thumbnailUrl":"https:\/\/taipeirevista.com\/wp-content\/uploads\/2023\/12\/2018-Silvia-Maria-Silvia-Esteve.mkv_snapshot_00.03.01_2023.12.21_17.01.06.png","datePublished":"2023-12-21T20:22:29+00:00","dateModified":"2023-12-21T20:57:42+00:00","breadcrumb":{"@id":"https:\/\/taipeirevista.com\/index.php\/2023\/12\/21\/diario-del-gaumont-3-hacerse-visible\/#breadcrumb"},"inLanguage":"es-AR","potentialAction":[{"@type":"ReadAction","target":["https:\/\/taipeirevista.com\/index.php\/2023\/12\/21\/diario-del-gaumont-3-hacerse-visible\/"]}]},{"@type":"ImageObject","inLanguage":"es-AR","@id":"https:\/\/taipeirevista.com\/index.php\/2023\/12\/21\/diario-del-gaumont-3-hacerse-visible\/#primaryimage","url":"https:\/\/taipeirevista.com\/wp-content\/uploads\/2023\/12\/2018-Silvia-Maria-Silvia-Esteve.mkv_snapshot_00.03.01_2023.12.21_17.01.06.png","contentUrl":"https:\/\/taipeirevista.com\/wp-content\/uploads\/2023\/12\/2018-Silvia-Maria-Silvia-Esteve.mkv_snapshot_00.03.01_2023.12.21_17.01.06.png","width":905,"height":719},{"@type":"BreadcrumbList","@id":"https:\/\/taipeirevista.com\/index.php\/2023\/12\/21\/diario-del-gaumont-3-hacerse-visible\/#breadcrumb","itemListElement":[{"@type":"ListItem","position":1,"name":"Inicio","item":"https:\/\/taipeirevista.com\/"},{"@type":"ListItem","position":2,"name":"Diario del Gaumont #3: Hacerse visible"}]},{"@type":"WebSite","@id":"https:\/\/taipeirevista.com\/#website","url":"https:\/\/taipeirevista.com\/","name":"TAIPEI","description":"Cr\u00edtica de cine","publisher":{"@id":"https:\/\/taipeirevista.com\/#organization"},"potentialAction":[{"@type":"SearchAction","target":{"@type":"EntryPoint","urlTemplate":"https:\/\/taipeirevista.com\/?s={search_term_string}"},"query-input":{"@type":"PropertyValueSpecification","valueRequired":true,"valueName":"search_term_string"}}],"inLanguage":"es-AR"},{"@type":"Organization","@id":"https:\/\/taipeirevista.com\/#organization","name":"Taipei \/ Cr\u00edtica de cine","url":"https:\/\/taipeirevista.com\/","logo":{"@type":"ImageObject","inLanguage":"es-AR","@id":"https:\/\/taipeirevista.com\/#\/schema\/logo\/image\/","url":"https:\/\/taipeirevista.com\/wp-content\/uploads\/2022\/08\/TAIPEI-LOGO-1.1-SIN-GRIS.png","contentUrl":"https:\/\/taipeirevista.com\/wp-content\/uploads\/2022\/08\/TAIPEI-LOGO-1.1-SIN-GRIS.png","width":599,"height":599,"caption":"Taipei \/ Cr\u00edtica de cine"},"image":{"@id":"https:\/\/taipeirevista.com\/#\/schema\/logo\/image\/"},"sameAs":["https:\/\/www.facebook.com\/revistataipei","https:\/\/x.com\/taipeicritica","https:\/\/www.instagram.com\/taipeicritica\/"]},{"@type":"Person","@id":"https:\/\/taipeirevista.com\/#\/schema\/person\/f79ac11495c5845a24706a98467c5a17","name":"Milagros Porta","image":{"@type":"ImageObject","inLanguage":"es-AR","@id":"https:\/\/secure.gravatar.com\/avatar\/6d03896bb4eb06ccf92db9896392d61c684b93f5bd97e15117a5949e36ed6841?s=96&d=mm&r=g","url":"https:\/\/secure.gravatar.com\/avatar\/6d03896bb4eb06ccf92db9896392d61c684b93f5bd97e15117a5949e36ed6841?s=96&d=mm&r=g","contentUrl":"https:\/\/secure.gravatar.com\/avatar\/6d03896bb4eb06ccf92db9896392d61c684b93f5bd97e15117a5949e36ed6841?s=96&d=mm&r=g","caption":"Milagros Porta"},"description":"Naci\u00f3 en Buenos Aires en 2002. Estudia la Licenciatura en Artes de la Escritura (UNA). Es editora en Taipei. En 2022 public\u00f3 el libro de cuentos Aguamala (Hex\u00e1gono Editoras) e integr\u00f3 las antolog\u00edas de narradores j\u00f3venes Los amigos dif\u00edciles (Editorial Nn) y Tan diversa (Mardulce). En 2023 recibi\u00f3 una beca de la Bienal de Arte Joven por una novela en desarrollo y coedit\u00f3 el libro Mumblecore. Exploraciones sobre el cine independiente norteamericano (Taipei Libros) con el apoyo de una Beca Creaci\u00f3n del Fondo Nacional de las Artes.","url":"https:\/\/taipeirevista.com\/index.php\/author\/milagros-porta\/"}]}},"jetpack_featured_media_url":"https:\/\/taipeirevista.com\/wp-content\/uploads\/2023\/12\/2018-Silvia-Maria-Silvia-Esteve.mkv_snapshot_00.03.01_2023.12.21_17.01.06.png","jetpack_sharing_enabled":true,"_links":{"self":[{"href":"https:\/\/taipeirevista.com\/index.php\/wp-json\/wp\/v2\/posts\/9053","targetHints":{"allow":["GET"]}}],"collection":[{"href":"https:\/\/taipeirevista.com\/index.php\/wp-json\/wp\/v2\/posts"}],"about":[{"href":"https:\/\/taipeirevista.com\/index.php\/wp-json\/wp\/v2\/types\/post"}],"author":[{"embeddable":true,"href":"https:\/\/taipeirevista.com\/index.php\/wp-json\/wp\/v2\/users\/3"}],"replies":[{"embeddable":true,"href":"https:\/\/taipeirevista.com\/index.php\/wp-json\/wp\/v2\/comments?post=9053"}],"version-history":[{"count":10,"href":"https:\/\/taipeirevista.com\/index.php\/wp-json\/wp\/v2\/posts\/9053\/revisions"}],"predecessor-version":[{"id":9082,"href":"https:\/\/taipeirevista.com\/index.php\/wp-json\/wp\/v2\/posts\/9053\/revisions\/9082"}],"wp:featuredmedia":[{"embeddable":true,"href":"https:\/\/taipeirevista.com\/index.php\/wp-json\/wp\/v2\/media\/9061"}],"wp:attachment":[{"href":"https:\/\/taipeirevista.com\/index.php\/wp-json\/wp\/v2\/media?parent=9053"}],"wp:term":[{"taxonomy":"category","embeddable":true,"href":"https:\/\/taipeirevista.com\/index.php\/wp-json\/wp\/v2\/categories?post=9053"},{"taxonomy":"post_tag","embeddable":true,"href":"https:\/\/taipeirevista.com\/index.php\/wp-json\/wp\/v2\/tags?post=9053"}],"curies":[{"name":"wp","href":"https:\/\/api.w.org\/{rel}","templated":true}]}}